{"id":221,"date":"2026-07-31T10:58:45","date_gmt":"2026-07-31T10:58:45","guid":{"rendered":"https:\/\/modulobois.fr\/blog\/terrasse-exterieur\/jetez-vetements-sanctions\/"},"modified":"2026-08-01T19:54:23","modified_gmt":"2026-08-01T19:54:23","slug":"jetez-vetements-sanctions","status":"publish","type":"post","link":"https:\/\/modulobois.fr\/blog\/terrasse-exterieur\/jetez-vetements-sanctions\/","title":{"rendered":"Depuis le 1er janvier, jeter vos v\u00eatements \u00e0 la poubelle devient ill\u00e9gal : quelles sanctions risquez-vous ?"},"content":{"rendered":"<p class=\"wp-block-paragraph\">Depuis le 1er janvier, le geste de glisser un sac de <strong>v\u00eatements<\/strong> dans la <strong>poubelle<\/strong> n\u2019est plus seulement une question de bon sens : il est d\u00e9sormais associ\u00e9 \u00e0 une <strong>loi<\/strong> et \u00e0 des r\u00e8gles de <strong>tri<\/strong> qui se durcissent. Entre ce qui est r\u00e9ellement <strong>ill\u00e9gal<\/strong>, ce qui rel\u00e8ve de la rumeur et ce qui concerne surtout les professionnels, mieux vaut poser les choses clairement pour \u00e9viter les mauvaises surprises.<\/p>\n\n<p class=\"wp-block-paragraph\"><strong>En bref<\/strong><\/p>\n\n<ul class=\"wp-block-list\"><li><strong>Ce qui change vraiment<\/strong> : depuis 2025, la r\u00e9glementation textile vise d\u2019abord les professionnels (producteurs, distributeurs, plateformes) avec une obligation de mieux orienter leurs invendus vers le don et le <strong>recyclage<\/strong>.<\/li><li><strong>Pour les particuliers<\/strong> : jeter des textiles avec les ordures m\u00e9nag\u00e8res est un mauvais r\u00e9flexe, car le <strong>tri<\/strong> devient la norme via les bornes, associations et d\u00e9ch\u00e8teries.<\/li><li><strong>Sanctions et amendes<\/strong> : les cas qui d\u00e9clenchent le plus vite des <strong>amendes<\/strong> sont ceux assimil\u00e9s \u00e0 un d\u00e9p\u00f4t sauvage (sacs pos\u00e9s au pied des conteneurs, abandon sur la voie publique), avec des <strong>sanctions<\/strong> pouvant grimper selon les circonstances.<\/li><li><strong>La r\u00e8gle pratique<\/strong> : textiles propres et secs vers la collecte ; textiles souill\u00e9s par des produits chimiques vers la fili\u00e8re adapt\u00e9e (souvent ordures m\u00e9nag\u00e8res), sans improviser.<\/li><li><strong>Le bon r\u00e9flexe \u201catelier\u201d<\/strong> : trier comme on trierait des chutes de bois sur chantier (r\u00e9utiliser, r\u00e9parer, donner, recycler) pour limiter les <strong>d\u00e9chets<\/strong> et prot\u00e9ger l\u2019<strong>environnement<\/strong>.<\/li><\/ul>\n\n<figure class=\"wp-block-table\"><table>\n<thead>\n<tr>\n<th colspan=\"2\"><strong>Peu de temps ? Voil\u00e0 ce qu&rsquo;il faut retenir :<\/strong><\/th>\n<\/tr>\n<tr>\n<th>Situation<\/th>\n<th>D\u00e9cision simple<\/th>\n<\/tr>\n<\/thead>\n<tbody>\n<tr>\n<td><strong>V\u00eatements propres et secs<\/strong><\/td>\n<td>Direction borne textile \/ association \/ recyclerie (dans un sac ferm\u00e9).<\/td>\n<\/tr>\n<tr>\n<td><strong>Chaussures<\/strong><\/td>\n<td>Les attacher <strong>par paire<\/strong>, puis d\u00e9p\u00f4t en point de collecte (ou cordonnier si r\u00e9parable).<\/td>\n<\/tr>\n<tr>\n<td><strong>Textiles tr\u00e8s ab\u00eem\u00e9s<\/strong><\/td>\n<td>Accept\u00e9s en collecte s\u2019ils sont propres et secs : ils seront orient\u00e9s vers le <strong>recyclage<\/strong> mati\u00e8re.<\/td>\n<\/tr>\n<tr>\n<td><strong>Textiles souill\u00e9s par produits chimiques<\/strong><\/td>\n<td>Ne pas mettre en borne : souvent ordures m\u00e9nag\u00e8res ou d\u00e9ch\u00e8terie selon la nature du produit.<\/td>\n<\/tr>\n<tr>\n<td><strong>Sacs d\u00e9pos\u00e9s au pied des conteneurs<\/strong><\/td>\n<td>\u00c0 \u00e9viter : c\u2019est le sc\u00e9nario typique requalifi\u00e9 en d\u00e9p\u00f4t sauvage avec <strong>amendes<\/strong>.<\/td>\n<\/tr>\n<\/tbody>\n<\/table><\/figure>\n\n<div id=\"ez-toc-container\" class=\"ez-toc-v2_0_87 counter-hierarchy ez-toc-counter ez-toc-grey ez-toc-container-direction\">\n<div class=\"ez-toc-title-container\">\n<p class=\"ez-toc-title\" style=\"cursor:inherit\">Sommaire<\/p>\n<span class=\"ez-toc-title-toggle\"><a href=\"#\" class=\"ez-toc-pull-right ez-toc-btn ez-toc-btn-xs ez-toc-btn-default ez-toc-toggle\" aria-label=\"Toggle Table of Content\"><span class=\"ez-toc-js-icon-con\"><span class=\"\"><span class=\"eztoc-hide\" style=\"display:none;\">Toggle<\/span><span class=\"ez-toc-icon-toggle-span\"><svg style=\"fill: #999;color:#999\" xmlns=\"http:\/\/www.w3.org\/2000\/svg\" class=\"list-377408\" width=\"20px\" height=\"20px\" viewBox=\"0 0 24 24\" fill=\"none\"><path d=\"M6 6H4v2h2V6zm14 0H8v2h12V6zM4 11h2v2H4v-2zm16 0H8v2h12v-2zM4 16h2v2H4v-2zm16 0H8v2h12v-2z\" fill=\"currentColor\"><\/path><\/svg><svg style=\"fill: #999;color:#999\" class=\"arrow-unsorted-368013\" xmlns=\"http:\/\/www.w3.org\/2000\/svg\" width=\"10px\" height=\"10px\" viewBox=\"0 0 24 24\" version=\"1.2\" baseProfile=\"tiny\"><path d=\"M18.2 9.3l-6.2-6.3-6.2 6.3c-.2.2-.3.4-.3.7s.1.5.3.7c.2.2.4.3.7.3h11c.3 0 .5-.1.7-.3.2-.2.3-.5.3-.7s-.1-.5-.3-.7zM5.8 14.7l6.2 6.3 6.2-6.3c.2-.2.3-.5.3-.7s-.1-.5-.3-.7c-.2-.2-.4-.3-.7-.3h-11c-.3 0-.5.1-.7.3-.2.2-.3.5-.3.7s.1.5.3.7z\"\/><\/svg><\/span><\/span><\/span><\/a><\/span><\/div>\n<nav><ul class='ez-toc-list ez-toc-list-level-1 eztoc-toggle-hide-by-default' ><li class='ez-toc-page-1 ez-toc-heading-level-2'><a class=\"ez-toc-link ez-toc-heading-1\" href=\"https:\/\/modulobois.fr\/blog\/terrasse-exterieur\/jetez-vetements-sanctions\/#Vetements_a_la_poubelle_%E2%80%9Cinterdits%E2%80%9D_depuis_le_1er_janvier_ce_que_dit_vraiment_la_loi_et_ce_quelle_ne_dit_pas\" >V\u00eatements \u00e0 la poubelle \u201cinterdits\u201d depuis le 1er janvier : ce que dit vraiment la loi (et ce qu\u2019elle ne dit pas)<\/a><\/li><li class='ez-toc-page-1 ez-toc-heading-level-2'><a class=\"ez-toc-link ez-toc-heading-2\" href=\"https:\/\/modulobois.fr\/blog\/terrasse-exterieur\/jetez-vetements-sanctions\/#Sanctions_amendes_depot_sauvage_ce_qui_peut_vous_couter_cher_et_les_situations_qui_declenchent_un_controle\" >Sanctions, amendes, d\u00e9p\u00f4t sauvage : ce qui peut vous co\u00fbter cher (et les situations qui d\u00e9clenchent un contr\u00f4le)<\/a><\/li><li class='ez-toc-page-1 ez-toc-heading-level-2'><a class=\"ez-toc-link ez-toc-heading-3\" href=\"https:\/\/modulobois.fr\/blog\/terrasse-exterieur\/jetez-vetements-sanctions\/#Comment_se_debarrasser_legalement_de_ses_vetements_points_de_collecte_associations_marques_et_decheteries\" >Comment se d\u00e9barrasser l\u00e9galement de ses v\u00eatements : points de collecte, associations, marques et d\u00e9ch\u00e8teries<\/a><\/li><li class='ez-toc-page-1 ez-toc-heading-level-2'><a class=\"ez-toc-link ez-toc-heading-4\" href=\"https:\/\/modulobois.fr\/blog\/terrasse-exterieur\/jetez-vetements-sanctions\/#Ce_que_vous_pouvez_vraiment_jeter_a_la_poubelle_exceptions_textiles_contamines_et_cas_limites\" >Ce que vous pouvez (vraiment) jeter \u00e0 la poubelle : exceptions, textiles contamin\u00e9s et cas limites<\/a><\/li><li class='ez-toc-page-1 ez-toc-heading-level-2'><a class=\"ez-toc-link ez-toc-heading-5\" href=\"https:\/\/modulobois.fr\/blog\/terrasse-exterieur\/jetez-vetements-sanctions\/#Pourquoi_cette_interdiction_et_ce_tri_textile_comptent_impact_environnement_economie_circulaire_et_gestes_qui_changent_tout\" >Pourquoi cette interdiction et ce tri textile comptent : impact environnement, \u00e9conomie circulaire et gestes qui changent tout<\/a><\/li><\/ul><\/nav><\/div>\n<h2 class=\"wp-block-heading\"><span class=\"ez-toc-section\" id=\"Vetements_a_la_poubelle_%E2%80%9Cinterdits%E2%80%9D_depuis_le_1er_janvier_ce_que_dit_vraiment_la_loi_et_ce_quelle_ne_dit_pas\"><\/span>V\u00eatements \u00e0 la poubelle \u201cinterdits\u201d depuis le 1er janvier : ce que dit vraiment la loi (et ce qu\u2019elle ne dit pas)<span class=\"ez-toc-section-end\"><\/span><\/h2>\n\n<p class=\"wp-block-paragraph\">Les annonces circulent vite : \u201cDepuis le 1er janvier, jeter ses v\u00eatements \u00e0 la poubelle est interdit.\u201d Dans la pratique, la r\u00e9alit\u00e9 est plus pr\u00e9cise. La <strong>loi<\/strong> et la r\u00e9glementation mises en avant depuis 2025 s\u2019inscrivent dans un mouvement plus large de r\u00e9duction des <strong>d\u00e9chets<\/strong> textiles et d\u2019am\u00e9lioration du <strong>tri<\/strong>, sous l\u2019impulsion de r\u00e8gles europ\u00e9ennes et fran\u00e7aises sur la collecte s\u00e9par\u00e9e.<\/p>\n\n<p class=\"wp-block-paragraph\">Le c\u0153ur du changement concerne d\u2019abord les acteurs qui mettent du textile sur le march\u00e9 : <strong>producteurs<\/strong>, <strong>distributeurs<\/strong>, et <strong>plateformes en ligne<\/strong>. L\u2019objectif est clair : limiter le g\u00e2chis d\u2019invendus et am\u00e9liorer la destination des stocks, en favorisant le don, la r\u00e9utilisation et le <strong>recyclage<\/strong>. Autrement dit, le texte vise \u00e0 couper court aux pratiques \u201con d\u00e9truit parce que c\u2019est plus simple\u201d, et \u00e0 pousser des fili\u00e8res plus propres.<\/p>\n\n<p class=\"wp-block-paragraph\">Pour les particuliers, la bascule est moins une interdiction \u201cpolice du sac poubelle\u201d qu\u2019un durcissement du cadre global : la collecte se structure, et les comportements attendus changent. Pourquoi ? Parce que le textile jet\u00e9 avec les ordures m\u00e9nag\u00e8res finit trop souvent incin\u00e9r\u00e9 ou enfoui, alors qu\u2019une part importante pourrait \u00eatre valoris\u00e9e. On le voit sur le terrain : placards qui d\u00e9bordent, tendances qui tournent vite, achats \u00e0 bas prix, et au final une montagne de v\u00eatements encore portables.<\/p>\n\n<p class=\"wp-block-paragraph\">Un exemple simple aide \u00e0 comprendre. Dans une maison en p\u00e9riph\u00e9rie de Lyon, un couple trie r\u00e9guli\u00e8rement ses emballages et son verre, mais \u201cnettoie\u201d ses placards deux fois par an en remplissant un sac noir d\u2019habits. Tant que la borne textile est \u00e0 dix minutes, le sac finit dans la <strong>poubelle<\/strong> \u201cpar facilit\u00e9\u201d. C\u2019est pr\u00e9cis\u00e9ment ce r\u00e9flexe que la r\u00e9glementation cherche \u00e0 rendre socialement inacceptable, puis progressivement rare, en densifiant les points de collecte et en rendant plus visibles les alternatives.<\/p>\n\n<p class=\"wp-block-paragraph\">Il faut aussi distinguer le geste discret (mettre un textile dans son bac d\u2019ordures) et le geste tr\u00e8s visible (laisser un sac au pied d\u2019un conteneur plein). Le second bascule vite du c\u00f4t\u00e9 <strong>ill\u00e9gal<\/strong> car il s\u2019apparente \u00e0 un d\u00e9p\u00f4t sauvage sur l\u2019espace public. Et c\u2019est l\u00e0 que les <strong>sanctions<\/strong> deviennent concr\u00e8tes, parfois imm\u00e9diates, car la nuisance est directe : pluie, sacs \u00e9ventr\u00e9s, chiffons qui s\u2019\u00e9parpillent, nettoyage communal.<\/p>\n\n<p class=\"wp-block-paragraph\">Cette clarification ouvre naturellement la question suivante : si les r\u00e8gles se resserrent et que les contr\u00f4les ciblent surtout les comportements assimilables \u00e0 l\u2019abandon, quelles <strong>amendes<\/strong> risquent r\u00e9ellement les contrevenants, et dans quels cas ?<\/p>\n\n\n\n<figure class=\"wp-block-image size-large\"><img loading=\"lazy\" decoding=\"async\" width=\"1536\" height=\"1024\" src=\"https:\/\/modulobois.fr\/blog\/wp-content\/uploads\/2026\/08\/depuis-le-1er-janvier-jeter-vos-vtements-la-poubelle-devient-illgal-qu-illustration.jpg\" alt=\"Depuis le 1er janvier, jeter vos v\u00eatements \u00e0 la poubelle devient ill\u00e9gal : quelles sanctions\" class=\"wp-image-353\" srcset=\"https:\/\/modulobois.fr\/blog\/wp-content\/uploads\/2026\/08\/depuis-le-1er-janvier-jeter-vos-vtements-la-poubelle-devient-illgal-qu-illustration.jpg 1536w, https:\/\/modulobois.fr\/blog\/wp-content\/uploads\/2026\/08\/depuis-le-1er-janvier-jeter-vos-vtements-la-poubelle-devient-illgal-qu-illustration-300x200.jpg 300w, https:\/\/modulobois.fr\/blog\/wp-content\/uploads\/2026\/08\/depuis-le-1er-janvier-jeter-vos-vtements-la-poubelle-devient-illgal-qu-illustration-1024x683.jpg 1024w, https:\/\/modulobois.fr\/blog\/wp-content\/uploads\/2026\/08\/depuis-le-1er-janvier-jeter-vos-vtements-la-poubelle-devient-illgal-qu-illustration-768x512.jpg 768w\" sizes=\"auto, (max-width: 1536px) 100vw, 1536px\" \/><\/figure>\n\n<h2 class=\"wp-block-heading\"><span class=\"ez-toc-section\" id=\"Sanctions_amendes_depot_sauvage_ce_qui_peut_vous_couter_cher_et_les_situations_qui_declenchent_un_controle\"><\/span>Sanctions, amendes, d\u00e9p\u00f4t sauvage : ce qui peut vous co\u00fbter cher (et les situations qui d\u00e9clenchent un contr\u00f4le)<span class=\"ez-toc-section-end\"><\/span><\/h2>\n\n<p class=\"wp-block-paragraph\">Le mot qui fait r\u00e9agir, c\u2019est \u201c<strong>sanctions<\/strong>\u201d. Dans les faits, les contr\u00f4les et la verbalisation se concentrent sur des situations o\u00f9 le textile devient un probl\u00e8me d\u2019espace public ou de gestion des <strong>d\u00e9chets<\/strong>. Le sc\u00e9nario classique n\u2019est pas la chaussette jet\u00e9e discr\u00e8tement, mais le sac abandonn\u00e9 au mauvais endroit, au mauvais moment, avec parfois des indices permettant de remonter \u00e0 l\u2019auteur.<\/p>\n\n<p class=\"wp-block-paragraph\">Le cas le plus fr\u00e9quent : une borne textile pleine, et un sac pos\u00e9 \u00e0 c\u00f4t\u00e9 \u201cen se disant que quelqu\u2019un le prendra\u201d. Sauf que la pluie arrive, le sac se d\u00e9chire, les v\u00eatements se gorgent d\u2019eau et deviennent inutilisables. R\u00e9sultat : ce qui aurait pu partir en r\u00e9utilisation finit souvent en refus de tri, puis en traitement classique. Sur le plan juridique, ce geste s\u2019apparente \u00e0 un d\u00e9p\u00f4t sauvage. Et l\u00e0, des <strong>amendes<\/strong> existent bel et bien, avec des montants qui circulent largement : on voit souvent passer <strong>135 \u20ac<\/strong> pour l\u2019infraction de d\u00e9p\u00f4t sur la voie publique, et jusqu\u2019\u00e0 <strong>1 500 \u20ac<\/strong> lorsque l\u2019abandon implique l\u2019usage d\u2019un v\u00e9hicule motoris\u00e9 pour transporter et d\u00e9poser les sacs. Ces chiffres, r\u00e9guli\u00e8rement cit\u00e9s, rappellent surtout une chose : la commune n\u2019a pas vocation \u00e0 ramasser ce qui a \u00e9t\u00e9 abandonn\u00e9.<\/p>\n\n<p class=\"wp-block-paragraph\">Un autre d\u00e9clencheur : le d\u00e9p\u00f4t en vrac dans un local poubelles d\u2019immeuble ou dans un point de collecte non pr\u00e9vu pour \u00e7a. Les gestionnaires d\u2019immeubles et les collectivit\u00e9s documentent de plus en plus ces situations (photos, signalements, parfois vid\u00e9o-surveillance selon les lieux et la r\u00e9glementation locale). Le textile devient alors un d\u00e9chet \u201c\u00e0 probl\u00e8me\u201d, au m\u00eame titre que les gravats ou les encombrants laiss\u00e9s sans rendez-vous.<\/p>\n\n<p class=\"wp-block-paragraph\">Pour rendre ces situations concr\u00e8tes, prenons un fil conducteur. Nadia, m\u00e8re de famille, fait le tri le samedi. Les sacs sont pr\u00eats, mais la borne pr\u00e8s du supermarch\u00e9 d\u00e9borde. Deux options : poser le sac \u00e0 c\u00f4t\u00e9 \u201cpour d\u00e9panner\u201d, ou repartir avec. Le premier choix peut sembler anodin ; il expose pourtant au risque le plus co\u00fbteux, car il transforme un geste de <strong>tri<\/strong> en abandon sur domaine public. Le second choix est frustrant sur le moment, mais c\u2019est le seul qui reste propre au sens strict : ramener les sacs, chercher un autre point de collecte, ou attendre la prochaine tourn\u00e9e.<\/p>\n\n<p class=\"wp-block-paragraph\">Il existe aussi des situations o\u00f9 le textile est m\u00eal\u00e9 \u00e0 des produits qui rendent la collecte impossible : v\u00eatements impr\u00e9gn\u00e9s de solvants, d\u2019huiles, de peintures. Ceux-l\u00e0 ne doivent pas aller dans la fili\u00e8re textile, car ils contaminent le lot et mettent en danger les op\u00e9rateurs. Dans ce cas pr\u00e9cis, l\u2019orientation vers la poubelle r\u00e9siduelle ou la d\u00e9ch\u00e8terie (selon la nature du produit) est souvent la solution la plus s\u00fbre. Ici, l\u2019important n\u2019est pas de \u201cfaire joli\u201d, mais d\u2019\u00e9viter la contamination, un peu comme sur un chantier bois : une chute propre se r\u00e9emploie, une chute souill\u00e9e part en \u00e9vacuation adapt\u00e9e.<\/p>\n\n<p class=\"wp-block-paragraph\">\u00c0 ce stade, une question revient : si l\u2019objectif est d\u2019\u00e9viter la <strong>poubelle<\/strong> et les ennuis, o\u00f9 d\u00e9poser ses v\u00eatements, concr\u00e8tement, sans se tromper et sans y passer la journ\u00e9e ?<\/p>\n\n<p class=\"wp-block-paragraph\">Pour comprendre les fili\u00e8res et voir des exemples de points de collecte, cette recherche vid\u00e9o aide \u00e0 visualiser le parcours des textiles :<\/p>\n\n<figure class=\"is-provider-youtube is-type-video wp-block-embed wp-block-embed-youtube wp-embed-aspect-16-9 wp-has-aspect-ratio\"><div class=\"wp-block-embed__wrapper\">\n<iframe loading=\"lazy\" title=\"\u267b\ufe0f Que faire de vos vieux v\u00eatements ? La nouvelle r\u00e8gle qui change tout !\" width=\"500\" height=\"281\" src=\"https:\/\/www.youtube.com\/embed\/oszcRGdohwk?feature=oembed\" frameborder=\"0\" allow=\"accelerometer; autoplay; clipboard-write; encrypted-media; gyroscope; picture-in-picture; web-share\" referrerpolicy=\"strict-origin-when-cross-origin\" allowfullscreen><\/iframe>\n<\/div><\/figure>\n\n<h2 class=\"wp-block-heading\"><span class=\"ez-toc-section\" id=\"Comment_se_debarrasser_legalement_de_ses_vetements_points_de_collecte_associations_marques_et_decheteries\"><\/span>Comment se d\u00e9barrasser l\u00e9galement de ses v\u00eatements : points de collecte, associations, marques et d\u00e9ch\u00e8teries<span class=\"ez-toc-section-end\"><\/span><\/h2>\n\n<p class=\"wp-block-paragraph\">Sur le papier, \u201cne plus jeter\u201d para\u00eet simple. Dans la vraie vie, ce qui bloque, c\u2019est la logistique : o\u00f9 aller, \u00e0 quel moment, et que faire des pi\u00e8ces ab\u00eem\u00e9es. La bonne nouvelle, c\u2019est que la France dispose de <strong>milliers<\/strong> de points de collecte textile, tenus par des associations et des op\u00e9rateurs reconnus. Et contrairement \u00e0 une id\u00e9e tenace, une partie importante des v\u00eatements usag\u00e9s, m\u00eame fatigu\u00e9s, peut entrer dans une fili\u00e8re de valorisation.<\/p>\n\n<p class=\"wp-block-paragraph\">Premier canal, le plus connu : les associations (type Emma\u00fcs, Croix-Rouge, et d\u2019autres relais locaux). Le principe est clair : v\u00eatements, linge de maison, parfois petite maroquinerie, d\u00e9pos\u00e9s dans des conditions propres. Le point non n\u00e9gociable : <strong>propre et sec<\/strong>. Un v\u00eatement humide n\u2019est pas \u201cun peu moins bien\u201d, c\u2019est un v\u00eatement qui peut d\u00e9grader tout un sac par moisissure et odeurs. C\u2019est la m\u00eame logique que le bois : stock\u00e9 humide, il contamine et se d\u00e9forme ; stock\u00e9 sec, il se conserve.<\/p>\n\n<p class=\"wp-block-paragraph\">Deuxi\u00e8me canal : les recycleries et ressourceries. Elles font un travail souvent m\u00e9connu : tri, revente \u00e0 petit prix, et orientation des invendus vers la mati\u00e8re. C\u2019est un levier d\u2019<strong>environnement<\/strong> autant qu\u2019un levier social, car l\u2019\u00e9conomie circulaire fonctionne quand quelqu\u2019un, quelque part, remet la main sur l\u2019objet. Une veste \u201cd\u00e9pass\u00e9e\u201d peut redevenir une bonne pi\u00e8ce de travail, et un jean us\u00e9 peut partir en effilochage textile selon les fili\u00e8res.<\/p>\n\n<p class=\"wp-block-paragraph\">Troisi\u00e8me canal : la reprise par certaines grandes enseignes. Des marques comme <strong>H&amp;M<\/strong>, <strong>Kiabi<\/strong> ou <strong>Oka\u00efdi<\/strong> proposent, selon les magasins, des bacs de collecte et parfois des bons d\u2019achat. Il faut rester lucide : ce n\u2019est pas un permis de surconsommer. Mais pour une famille qui veut vider des placards sans jeter, c\u2019est un point de d\u00e9p\u00f4t pratique, souvent plus accessible qu\u2019une d\u00e9ch\u00e8terie.<\/p>\n\n<p class=\"wp-block-paragraph\">Quatri\u00e8me canal : la d\u00e9ch\u00e8terie, utile surtout pour les cas ambigus et pour \u00e9viter les d\u00e9p\u00f4ts sauvages. Certaines d\u00e9ch\u00e8teries disposent de zones textiles ou orientent vers des bennes d\u00e9di\u00e9es. Le plus s\u00fbr est de v\u00e9rifier les consignes de la collectivit\u00e9, car les modalit\u00e9s varient. L\u2019essentiel est de ne pas \u201cinventer\u201d une fili\u00e8re sur place, au risque d\u2019\u00eatre hors cadre.<\/p>\n\n<h3 class=\"wp-block-heading\">Les gestes qui \u00e9vitent 80% des erreurs de tri textile<\/h3>\n\n<p class=\"wp-block-paragraph\">Sur les chantiers, la diff\u00e9rence entre un chantier propre et une gal\u00e8re, c\u2019est souvent une routine simple tenue dans le temps. Pour le textile, c\u2019est pareil. Les erreurs viennent surtout du d\u00e9p\u00f4t au mauvais endroit ou du sac mal pr\u00e9par\u00e9.<\/p>\n\n<ul class=\"wp-block-list\"><li><strong>Mettre en sac ferm\u00e9<\/strong> : un sac solide, bien ferm\u00e9, limite l\u2019humidit\u00e9 et les pertes.<\/li><li><strong>V\u00e9rifier l\u2019\u00e9tat \u201csec\u201d<\/strong> : si le linge sort de cave ou de garage, un passage \u00e0 l\u2019air libre \u00e9vite les odeurs.<\/li><li><strong>Ne pas d\u00e9poser au pied d\u2019une borne<\/strong> : si c\u2019est plein, repartir. C\u2019est le point qui \u00e9vite le plus de <strong>sanctions<\/strong>.<\/li><li><strong>Chaussures par paire<\/strong> : attach\u00e9es ensemble, id\u00e9alement dans un sac ferm\u00e9, pour \u00e9viter qu\u2019une chaussure se perde.<\/li><li><strong>Isoler les pi\u00e8ces souill\u00e9es<\/strong> : solvants, peinture, produits chimiques = fili\u00e8re sp\u00e9cifique, pas borne textile.<\/li><\/ul>\n\n<p class=\"wp-block-paragraph\">Ce tri \u201cbasique\u201d ouvre ensuite un autre sujet : tout ce qui peut encore servir ne m\u00e9rite pas forc\u00e9ment de partir en collecte. R\u00e9parer et r\u00e9employer, c\u2019est souvent l\u2019option la plus sobre.<\/p>\n\n<p class=\"wp-block-paragraph\">Pour voir comment les fili\u00e8res trient et valorisent, voici une autre recherche vid\u00e9o utile, notamment sur la diff\u00e9rence entre r\u00e9utilisation et recyclage :<\/p>\n\n<figure class=\"is-provider-youtube is-type-video wp-block-embed wp-block-embed-youtube wp-embed-aspect-16-9 wp-has-aspect-ratio\"><div class=\"wp-block-embed__wrapper\">\n<iframe loading=\"lazy\" title=\"D\u00e9chets textiles : une start-up propose recycle vos v\u00eatements de A \u00e0 Z\" width=\"500\" height=\"281\" src=\"https:\/\/www.youtube.com\/embed\/Vs8GoZURicA?feature=oembed\" frameborder=\"0\" allow=\"accelerometer; autoplay; clipboard-write; encrypted-media; gyroscope; picture-in-picture; web-share\" referrerpolicy=\"strict-origin-when-cross-origin\" allowfullscreen><\/iframe>\n<\/div><\/figure>\n\n<h2 class=\"wp-block-heading\"><span class=\"ez-toc-section\" id=\"Ce_que_vous_pouvez_vraiment_jeter_a_la_poubelle_exceptions_textiles_contamines_et_cas_limites\"><\/span>Ce que vous pouvez (vraiment) jeter \u00e0 la poubelle : exceptions, textiles contamin\u00e9s et cas limites<span class=\"ez-toc-section-end\"><\/span><\/h2>\n\n<p class=\"wp-block-paragraph\">Dire \u201ctout textile doit aller en collecte\u201d serait une simplification dangereuse. Comme pour le bois et ses finitions, la pr\u00e9sence de produits chimiques change tout. Un v\u00eatement impr\u00e9gn\u00e9 de solvants, de peinture, d\u2019huile moteur ou de produits agressifs n\u2019a rien \u00e0 faire dans une borne : il peut contaminer d\u2019autres pi\u00e8ces, g\u00eaner le tri, et exposer les personnes qui manipulent les sacs.<\/p>\n\n<p class=\"wp-block-paragraph\">Dans ces cas-l\u00e0, l\u2019orientation vers la <strong>poubelle<\/strong> des ordures m\u00e9nag\u00e8res est souvent tol\u00e9r\u00e9e, voire recommand\u00e9e, parce qu\u2019on parle d\u2019un d\u00e9chet potentiellement contaminant. Selon le produit, une d\u00e9ch\u00e8terie peut aussi \u00eatre la bonne option, notamment si le textile est li\u00e9 \u00e0 un autre d\u00e9chet dangereux (bidon, a\u00e9rosol, pot de peinture). Le bon r\u00e9flexe consiste \u00e0 se demander : \u201cSi ce produit a des pictogrammes de danger, est-ce que le textile qui en est imbib\u00e9 doit partir avec des v\u00eatements donnables ?\u201d La r\u00e9ponse est presque toujours non.<\/p>\n\n<p class=\"wp-block-paragraph\">Autre cas limite : les textiles tremp\u00e9s d\u2019eau (inondation de cave, fuite). Techniquement, une fois lav\u00e9s et s\u00e9ch\u00e9s, ils peuvent redevenir \u201cpropres et secs\u201d. Mais si la mati\u00e8re a moisi, l\u2019int\u00e9r\u00eat de les faire circuler s\u2019effondre. L\u00e0, il faut arbitrer sans id\u00e9aliser : mieux vaut un d\u00e9chet r\u00e9siduel bien g\u00e9r\u00e9 qu\u2019un sac humide qui rend inutilisable une collecte enti\u00e8re.<\/p>\n\n<h3 class=\"wp-block-heading\">L\u2019erreur classique : \u201cab\u00eem\u00e9 = poubelle\u201d<\/h3>\n\n<p class=\"wp-block-paragraph\">Beaucoup de foyers jettent parce que c\u2019est trou\u00e9, r\u00e2p\u00e9, ou d\u00e9form\u00e9. Pourtant, les fili\u00e8res textiles acceptent souvent ces pi\u00e8ces d\u00e8s lors qu\u2019elles sont propres et s\u00e8ches. Elles peuvent \u00eatre orient\u00e9es vers le <strong>recyclage<\/strong> mati\u00e8re (chiffons industriels, effilochage, etc.). Le vrai crit\u00e8re n\u2019est donc pas \u201cbeau ou pas beau\u201d, mais \u201ccollectable ou contaminant\u201d.<\/p>\n\n<p class=\"wp-block-paragraph\">Dans une petite commune du Beaujolais, le retour terrain est parlant : apr\u00e8s la mise en place d\u2019une borne pr\u00e8s de la mairie, les d\u00e9p\u00f4ts \u201cab\u00eem\u00e9s mais propres\u201d ont augment\u00e9, et les ordures m\u00e9nag\u00e8res ont baiss\u00e9. Ce n\u2019est pas spectaculaire \u00e0 l\u2019\u00e9chelle d\u2019une semaine, mais sur une ann\u00e9e, le volume de <strong>d\u00e9chets<\/strong> r\u00e9siduels se voit dans les bennes. Et c\u2019est exactement ce que cherche la politique publique : r\u00e9duire ce qui part en incin\u00e9ration quand une autre fili\u00e8re existe.<\/p>\n\n<p class=\"wp-block-paragraph\">Reste une question de fond : au-del\u00e0 de l\u2019amende, pourquoi tant d\u2019efforts autour du textile ? Parce que l\u2019impact sur l\u2019<strong>environnement<\/strong> et les volumes en jeu sont loin d\u2019\u00eatre anecdotiques.<\/p>\n\n<h2 class=\"wp-block-heading\"><span class=\"ez-toc-section\" id=\"Pourquoi_cette_interdiction_et_ce_tri_textile_comptent_impact_environnement_economie_circulaire_et_gestes_qui_changent_tout\"><\/span>Pourquoi cette interdiction et ce tri textile comptent : impact environnement, \u00e9conomie circulaire et gestes qui changent tout<span class=\"ez-toc-section-end\"><\/span><\/h2>\n\n<p class=\"wp-block-paragraph\">Le textile est devenu un sujet de soci\u00e9t\u00e9 parce qu\u2019il coche toutes les cases d\u2019un probl\u00e8me moderne : beaucoup d\u2019achats, des cycles de mode rapides, des mati\u00e8res m\u00e9lang\u00e9es difficiles \u00e0 valoriser, et au final des tonnes de <strong>d\u00e9chets<\/strong> chaque ann\u00e9e. Une grande partie de ces v\u00eatements n\u2019est pas \u201cen fin de vie\u201d, mais simplement mise de c\u00f4t\u00e9. Le levier le plus efficace n\u2019est pas seulement le <strong>recyclage<\/strong>, c\u2019est d\u2019abord la r\u00e9utilisation : un v\u00eatement port\u00e9 par une autre personne \u00e9vite la production d\u2019un v\u00eatement neuf.<\/p>\n\n<p class=\"wp-block-paragraph\">Le parall\u00e8le avec le bois aide \u00e0 comprendre. Sur un chantier, une chute de douglas de 60 cm peut devenir une cale, un tasseau, une poign\u00e9e d\u2019\u00e9tabli. La jeter directement, c\u2019est payer deux fois : une fois \u00e0 l\u2019achat, une fois \u00e0 l\u2019\u00e9vacuation. Avec un v\u00eatement, c\u2019est similaire : la valeur d\u2019usage n\u2019a pas disparu parce que la tendance a chang\u00e9. Ce qui manque, c\u2019est un circuit simple et un r\u00e9flexe de tri.<\/p>\n\n<p class=\"wp-block-paragraph\">C\u2019est l\u00e0 que l\u2019\u00e9conomie circulaire devient concr\u00e8te. Les recycleries remettent en vente \u00e0 bas prix, les associations redistribuent, les fili\u00e8res mati\u00e8re r\u00e9cup\u00e8rent ce qui ne peut plus \u00eatre port\u00e9. Chaque \u00e9tape a ses contraintes : tri manuel, stockage \u00e0 l\u2019abri, transport, co\u00fbts. D\u2019o\u00f9 l\u2019importance des gestes du foyer : un sac humide ou sale augmente les refus et fait grimper les co\u00fbts. \u00c0 l\u2019inverse, un sac propre et sec fluidifie toute la cha\u00eene.<\/p>\n\n<h3 class=\"wp-block-heading\">Un \u201cplan placard\u201d qui \u00e9vite la saturation et les erreurs<\/h3>\n\n<p class=\"wp-block-paragraph\">Pour que \u00e7a tienne dans la dur\u00e9e, il faut une m\u00e9thode. Pas une promesse magique, juste une routine. Une famille peut, par exemple, installer deux sacs r\u00e9utilisables dans un cellier : \u201c\u00e0 donner\u201d et \u201c\u00e0 r\u00e9parer\u201d. Une fois par mois, le sac \u201c\u00e0 donner\u201d part en collecte. Une fois par trimestre, le sac \u201c\u00e0 r\u00e9parer\u201d passe par un tri plus fin : bouton \u00e0 recoudre, fermeture \u00e0 remplacer, ourlet \u00e0 reprendre.<\/p>\n\n<p class=\"wp-block-paragraph\">La r\u00e9paration m\u00e9rite un d\u00e9tour. Un passage chez le cordonnier pour des chaussures peut rallonger la vie de plusieurs ann\u00e9es. L\u00e0 encore, c\u2019est un calcul simple : une r\u00e9paration \u00e0 15-30 \u20ac (selon intervention et zone) peut \u00e9viter l\u2019achat d\u2019une paire neuve bien plus ch\u00e8re, tout en r\u00e9duisant l\u2019empreinte sur l\u2019<strong>environnement<\/strong>. Ce n\u2019est pas du militantisme, c\u2019est du pragmatisme.<\/p>\n\n<p class=\"wp-block-paragraph\">Au final, l\u2019esprit de la <strong>loi<\/strong> n\u2019est pas de pi\u00e9ger les gens. Il est de faire basculer les habitudes vers des fili\u00e8res existantes, et de r\u00e9server les <strong>sanctions<\/strong> aux comportements qui d\u00e9gradent l\u2019espace public ou contournent les r\u00e8gles de <strong>tri<\/strong>. Le prochain pas logique est simple : localiser les points de collecte autour de chez soi et d\u00e9cider, pi\u00e8ce par pi\u00e8ce, ce qui part en don, en r\u00e9paration, ou en d\u00e9chet r\u00e9siduel adapt\u00e9.<\/p>\n\n\n<h3>Jeter des v\u00eatements \u00e0 la poubelle est-il vraiment ill\u00e9gal pour un particulier ?<\/h3>\n<p>La r\u00e9glementation renforc\u00e9e depuis 2025 vise surtout \u00e0 structurer la collecte s\u00e9par\u00e9e du textile et \u00e0 obliger les professionnels (producteurs, distributeurs, plateformes) \u00e0 mieux g\u00e9rer leurs invendus. Pour un particulier, le risque le plus concret vient des situations assimil\u00e9es \u00e0 un d\u00e9p\u00f4t sauvage (sac laiss\u00e9 sur la voie publique, au pied d\u2019une borne pleine), qui peuvent d\u00e9clencher des amendes et sanctions locales.<\/p>\n<h3>Quelles amendes risque-t-on si on laisse un sac de v\u00eatements \u00e0 c\u00f4t\u00e9 d\u2019un conteneur ?<\/h3>\n<p>C\u2019est l\u2019un des cas les plus souvent verbalis\u00e9s car il s\u2019apparente \u00e0 un d\u00e9p\u00f4t sauvage. Des montants comme 135 \u20ac sont fr\u00e9quemment \u00e9voqu\u00e9s, et la sanction peut monter plus haut (jusqu\u2019\u00e0 1 500 \u20ac dans certaines situations, notamment si un v\u00e9hicule motoris\u00e9 a servi au transport des d\u00e9chets). Le bon r\u00e9flexe : si la borne est pleine, repartir avec le sac et d\u00e9poser ailleurs ou plus tard.<\/p>\n<h3>Les v\u00eatements ab\u00eem\u00e9s doivent-ils aller \u00e0 la poubelle ?<\/h3>\n<p>Pas forc\u00e9ment. S\u2019ils sont propres et secs, beaucoup de points de collecte et associations les acceptent, m\u00eame s\u2019ils sont trou\u00e9s ou us\u00e9s : ils seront orient\u00e9s vers des fili\u00e8res de recyclage mati\u00e8re. Ce qui pose probl\u00e8me, ce sont surtout les textiles humides, moisis ou contamin\u00e9s par des produits chimiques.<\/p>\n<h3>Que faire des v\u00eatements tach\u00e9s de peinture, solvant ou produits chimiques ?<\/h3>\n<p>Ces textiles ne doivent pas \u00eatre d\u00e9pos\u00e9s en borne textile car ils peuvent contaminer la collecte et g\u00eaner le tri. Selon le produit, ils peuvent \u00eatre jet\u00e9s avec les ordures m\u00e9nag\u00e8res ou orient\u00e9s vers une d\u00e9ch\u00e8terie. En cas de doute, suivre les consignes de la collectivit\u00e9 locale : c\u2019est la mani\u00e8re la plus s\u00fbre de rester dans le bon tri et d\u2019\u00e9viter des probl\u00e8mes.<\/p>\n<h3>Comment pr\u00e9parer correctement un sac pour la collecte textile ?<\/h3>\n<p>Mettre les v\u00eatements dans un sac solide et ferm\u00e9, en veillant \u00e0 ce qu\u2019ils soient propres et parfaitement secs. Pour les chaussures, les attacher par paire et les d\u00e9poser en sac ferm\u00e9. \u00c9viter absolument de laisser des sacs au pied des bornes : si le point est satur\u00e9, il vaut mieux chercher un autre lieu de d\u00e9p\u00f4t ou revenir plus tard.<\/p>\n\n","protected":false},"excerpt":{"rendered":"<p>Depuis le 1er janvier, le geste de glisser un sac de v\u00eatements dans la poubelle n\u2019est plus seulement une question de bon sens : il est d\u00e9sormais associ\u00e9 \u00e0 une loi et \u00e0 des r\u00e8gles de tri qui se durcissent. Entre ce qui est r\u00e9ellement ill\u00e9gal, ce qui rel\u00e8ve de la rumeur et ce qui [&hellip;]<\/p>\n","protected":false},"author":1,"featured_media":352,"comment_status":"open","ping_status":"closed","sticky":false,"template":"","format":"standard","meta":{"footnotes":""},"categories":[19],"tags":[],"class_list":["post-221","post","type-post","status-publish","format-standard","has-post-thumbnail","hentry","category-actualites"],"_links":{"self":[{"href":"https:\/\/modulobois.fr\/blog\/wp-json\/wp\/v2\/posts\/221","targetHints":{"allow":["GET"]}}],"collection":[{"href":"https:\/\/modulobois.fr\/blog\/wp-json\/wp\/v2\/posts"}],"about":[{"href":"https:\/\/modulobois.fr\/blog\/wp-json\/wp\/v2\/types\/post"}],"author":[{"embeddable":true,"href":"https:\/\/modulobois.fr\/blog\/wp-json\/wp\/v2\/users\/1"}],"replies":[{"embeddable":true,"href":"https:\/\/modulobois.fr\/blog\/wp-json\/wp\/v2\/comments?post=221"}],"version-history":[{"count":2,"href":"https:\/\/modulobois.fr\/blog\/wp-json\/wp\/v2\/posts\/221\/revisions"}],"predecessor-version":[{"id":355,"href":"https:\/\/modulobois.fr\/blog\/wp-json\/wp\/v2\/posts\/221\/revisions\/355"}],"wp:featuredmedia":[{"embeddable":true,"href":"https:\/\/modulobois.fr\/blog\/wp-json\/wp\/v2\/media\/352"}],"wp:attachment":[{"href":"https:\/\/modulobois.fr\/blog\/wp-json\/wp\/v2\/media?parent=221"}],"wp:term":[{"taxonomy":"category","embeddable":true,"href":"https:\/\/modulobois.fr\/blog\/wp-json\/wp\/v2\/categories?post=221"},{"taxonomy":"post_tag","embeddable":true,"href":"https:\/\/modulobois.fr\/blog\/wp-json\/wp\/v2\/tags?post=221"}],"curies":[{"name":"wp","href":"https:\/\/api.w.org\/{rel}","templated":true}]}}