{"id":213,"date":"2026-07-31T10:42:38","date_gmt":"2026-07-31T10:42:38","guid":{"rendered":"https:\/\/modulobois.fr\/blog\/terrasse-exterieur\/potager-7-plantations-mars\/"},"modified":"2026-08-01T19:55:53","modified_gmt":"2026-08-01T19:55:53","slug":"potager-7-plantations-mars","status":"publish","type":"post","link":"https:\/\/modulobois.fr\/blog\/terrasse-exterieur\/potager-7-plantations-mars\/","title":{"rendered":"Potager : 7 plantations incontournables \u00e0 d\u00e9marrer en mars pour garantir vos r\u00e9coltes estivales"},"content":{"rendered":"<p class=\"wp-block-paragraph\"><strong>En bref<\/strong><\/p>\n\n<ul class=\"wp-block-list\"><li><strong>Mars au potager<\/strong> se joue sur une fen\u00eatre courte : sol encore frais, lumi\u00e8re en hausse, mais <strong>gel\u00e9es possibles<\/strong> la nuit.<\/li><li><strong>7 plantations strat\u00e9giques<\/strong> posent l\u2019ossature des <strong>r\u00e9coltes estivales<\/strong> et \u00e9talent la production jusqu\u2019aux mois froids : \u00e9pinard, oignon de printemps, carotte pr\u00e9coce, pois, chou-fleur, poireau, pomme de terre.<\/li><li>Le vrai levier n\u2019est pas \u201cplanter t\u00f4t\u201d, c\u2019est <strong>planter juste<\/strong> : profondeurs de <strong>semis<\/strong>, espacements, protections (voile, cloches), et sol bien pr\u00e9par\u00e9.<\/li><li>Objectif concret : des racines qui descendent avant l\u2019\u00e9t\u00e9, pour <strong>moins d\u2019arrosages<\/strong> et une <strong>culture<\/strong> plus r\u00e9guli\u00e8re.<\/li><li>Le pi\u00e8ge classique : un sol mal affin\u00e9 (mottes) et des protections oubli\u00e9es au mauvais moment, qui font lever irr\u00e9gulier et plants \u201cgrill\u00e9s\u201d.<\/li><\/ul>\n\n<p class=\"wp-block-paragraph\">Mars est ce mois o\u00f9 le givre peut encore crisser sous la semelle au lever du jour, alors que le soleil de l\u2019apr\u00e8s-midi donne d\u00e9j\u00e0 envie de sortir les sachets de graines. Au <strong>potager<\/strong>, cette zone grise entre hiver et <strong>printemps<\/strong> se g\u00e8re comme un chantier : on pr\u00e9pare, on prot\u00e8ge, on lance les <strong>plantations<\/strong> qui structurent la saison.<\/p>\n\n<figure class=\"wp-block-table\"><table>\n<thead>\n<tr>\n<th><strong>Peu de temps ? Voil\u00e0 ce qu&rsquo;il faut retenir :<\/strong><\/th>\n<\/tr>\n<\/thead>\n<tbody>\n<tr>\n<td><strong>Choisir 7 l\u00e9gumes \u201carchitectes\u201d<\/strong> : ils encaissent le froid r\u00e9siduel et s\u00e9curisent les <strong>r\u00e9coltes estivales<\/strong> (puis d\u2019automne\/hiver).<\/td>\n<\/tr>\n<tr>\n<td><strong>Soigner le geste<\/strong> : profondeur de <strong>semis<\/strong> autour de 1 cm pour beaucoup de petites graines, rangs r\u00e9guliers, sol fin et humide.<\/td>\n<\/tr>\n<tr>\n<td><strong>Prot\u00e9ger sans \u00e9touffer<\/strong> : voile ou cloches en cas de nuits froides, a\u00e9ration d\u00e8s que le soleil tape.<\/td>\n<\/tr>\n<tr>\n<td><strong>Erreur fr\u00e9quente<\/strong> : planter dans une terre collante ou mal \u00e9miett\u00e9e \u2192 lev\u00e9e irr\u00e9guli\u00e8re et racines qui filent de travers.<\/td>\n<\/tr>\n<\/tbody>\n<\/table><\/figure>\n\n<div id=\"ez-toc-container\" class=\"ez-toc-v2_0_87 counter-hierarchy ez-toc-counter ez-toc-grey ez-toc-container-direction\">\n<div class=\"ez-toc-title-container\">\n<p class=\"ez-toc-title\" style=\"cursor:inherit\">Sommaire<\/p>\n<span class=\"ez-toc-title-toggle\"><a href=\"#\" class=\"ez-toc-pull-right ez-toc-btn ez-toc-btn-xs ez-toc-btn-default ez-toc-toggle\" aria-label=\"Toggle Table of Content\"><span class=\"ez-toc-js-icon-con\"><span class=\"\"><span class=\"eztoc-hide\" style=\"display:none;\">Toggle<\/span><span class=\"ez-toc-icon-toggle-span\"><svg style=\"fill: #999;color:#999\" xmlns=\"http:\/\/www.w3.org\/2000\/svg\" class=\"list-377408\" width=\"20px\" height=\"20px\" viewBox=\"0 0 24 24\" fill=\"none\"><path d=\"M6 6H4v2h2V6zm14 0H8v2h12V6zM4 11h2v2H4v-2zm16 0H8v2h12v-2zM4 16h2v2H4v-2zm16 0H8v2h12v-2z\" fill=\"currentColor\"><\/path><\/svg><svg style=\"fill: #999;color:#999\" class=\"arrow-unsorted-368013\" xmlns=\"http:\/\/www.w3.org\/2000\/svg\" width=\"10px\" height=\"10px\" viewBox=\"0 0 24 24\" version=\"1.2\" baseProfile=\"tiny\"><path d=\"M18.2 9.3l-6.2-6.3-6.2 6.3c-.2.2-.3.4-.3.7s.1.5.3.7c.2.2.4.3.7.3h11c.3 0 .5-.1.7-.3.2-.2.3-.5.3-.7s-.1-.5-.3-.7zM5.8 14.7l6.2 6.3 6.2-6.3c.2-.2.3-.5.3-.7s-.1-.5-.3-.7c-.2-.2-.4-.3-.7-.3h-11c-.3 0-.5.1-.7.3-.2.2-.3.5-.3.7s.1.5.3.7z\"\/><\/svg><\/span><\/span><\/span><\/a><\/span><\/div>\n<nav><ul class='ez-toc-list ez-toc-list-level-1 eztoc-toggle-hide-by-default' ><li class='ez-toc-page-1 ez-toc-heading-level-2'><a class=\"ez-toc-link ez-toc-heading-1\" href=\"https:\/\/modulobois.fr\/blog\/terrasse-exterieur\/potager-7-plantations-mars\/#Pourquoi_les_plantations_de_mars_au_potager_securisent_vos_recoltes_estivales\" >Pourquoi les plantations de mars au potager s\u00e9curisent vos r\u00e9coltes estivales<\/a><\/li><li class='ez-toc-page-1 ez-toc-heading-level-2'><a class=\"ez-toc-link ez-toc-heading-2\" href=\"https:\/\/modulobois.fr\/blog\/terrasse-exterieur\/potager-7-plantations-mars\/#Les_7_plantations_incontournables_a_demarrer_en_mars_gestes_precis_espacements_rendement_attendu\" >Les 7 plantations incontournables \u00e0 d\u00e9marrer en mars : gestes pr\u00e9cis, espacements, rendement attendu<\/a><\/li><li class='ez-toc-page-1 ez-toc-heading-level-2'><a class=\"ez-toc-link ez-toc-heading-3\" href=\"https:\/\/modulobois.fr\/blog\/terrasse-exterieur\/potager-7-plantations-mars\/#Preparer_le_sol_en_mars_une_terre_%E2%80%9Camoureuse%E2%80%9D_pour_des_semis_reguliers_et_des_racines_profondes\" >Pr\u00e9parer le sol en mars : une terre \u201camoureuse\u201d pour des semis r\u00e9guliers et des racines profondes<\/a><\/li><li class='ez-toc-page-1 ez-toc-heading-level-2'><a class=\"ez-toc-link ez-toc-heading-4\" href=\"https:\/\/modulobois.fr\/blog\/terrasse-exterieur\/potager-7-plantations-mars\/#Organiser_lespace_et_le_calendrier_en_mars_un_potager_productif_sans_surcharge_dentretien\" >Organiser l\u2019espace et le calendrier en mars : un potager productif sans surcharge d\u2019entretien<\/a><\/li><li class='ez-toc-page-1 ez-toc-heading-level-2'><a class=\"ez-toc-link ez-toc-heading-5\" href=\"https:\/\/modulobois.fr\/blog\/terrasse-exterieur\/potager-7-plantations-mars\/#Entretien_potager_du_printemps_a_lete_arroser_moins_recolter_mieux_eviter_les_coups_darret\" >Entretien potager du printemps \u00e0 l\u2019\u00e9t\u00e9 : arroser moins, r\u00e9colter mieux, \u00e9viter les coups d\u2019arr\u00eat<\/a><\/li><\/ul><\/nav><\/div>\n<h2 class=\"wp-block-heading\"><span class=\"ez-toc-section\" id=\"Pourquoi_les_plantations_de_mars_au_potager_securisent_vos_recoltes_estivales\"><\/span>Pourquoi les plantations de mars au potager s\u00e9curisent vos r\u00e9coltes estivales<span class=\"ez-toc-section-end\"><\/span><\/h2>\n\n<p class=\"wp-block-paragraph\">Le mois de <strong>mars<\/strong> est moins un sprint qu\u2019un placement. Quand les jours s\u2019allongent, la photosynth\u00e8se repart franchement, et les jeunes plants gagnent en vigueur\u2026 \u00e0 condition que leurs racines aient de quoi travailler.<\/p>\n\n<p class=\"wp-block-paragraph\">Le point souvent sous-estim\u00e9, c\u2019est l\u2019eau. La terre de fin d\u2019hiver est encore charg\u00e9e des pluies, donc <strong>fra\u00eeche<\/strong> et facile \u00e0 maintenir humide. Une <strong>culture<\/strong> install\u00e9e maintenant d\u00e9veloppe un syst\u00e8me racinaire plus profond avant que les premi\u00e8res p\u00e9riodes s\u00e8ches n\u2019arrivent. R\u00e9sultat : des l\u00e9gumes moins \u201cd\u00e9pendants\u201d de l\u2019arrosoir en juillet, et des r\u00e9coltes plus r\u00e9guli\u00e8res.<\/p>\n\n<h3 class=\"wp-block-heading\">Le bon compromis entre lumi\u00e8re et risque de gel<\/h3>\n\n<p class=\"wp-block-paragraph\">Attendre les Saints de Glace rassure, mais cette prudence peut co\u00fbter une partie du calendrier, surtout sur les l\u00e9gumes qui demandent du temps pour s\u2019\u00e9toffer. Mars permet de prendre de l\u2019avance sans jouer au casino, \u00e0 condition d\u2019accepter une r\u00e8gle simple : <strong>prot\u00e9ger les tissus tendres<\/strong> lors des nuits pi\u00e9geuses.<\/p>\n\n<p class=\"wp-block-paragraph\">Un voile de for\u00e7age pos\u00e9 en fin d\u2019apr\u00e8s-midi, retir\u00e9 le matin quand le soleil chauffe, fait souvent la diff\u00e9rence. Sur une planche d\u2019\u00e9pinards ou une ligne de carottes pr\u00e9coces, ce geste \u00e9vite le \u201ccoup de fouet\u201d du froid qui bloque la croissance pendant une semaine.<\/p>\n\n<h3 class=\"wp-block-heading\">Fil conducteur : la m\u00e9thode \u201cplanches cal\u00e9es\u201d de Camille<\/h3>\n\n<p class=\"wp-block-paragraph\">Pour illustrer sans th\u00e9orie fumeuse, prenons Camille, voisine qui jardine sur trois planches bien droites, comme on aligne des liteaux avant vissage. En mars, elle ne remplit pas tout : elle lance ses 7 lignes cl\u00e9s, puis garde une planche libre pour les rattrapages (\u00e9checs de lev\u00e9e, deuxi\u00e8me vague d\u2019oignons, ou semis tardifs).<\/p>\n\n<p class=\"wp-block-paragraph\">Cette discipline \u00e9vite l\u2019erreur classique du potager \u201ctrop plein\u201d au printemps, puis \u201ctrop vide\u201d en \u00e9t\u00e9. La saison se construit comme un planning : on occupe le terrain au bon moment, pas au hasard. C\u2019est cette logique qui pr\u00e9pare naturellement la section suivante : quoi planter, pr\u00e9cis\u00e9ment, et avec quels espacements.<\/p>\n\n\n\n<figure class=\"wp-block-image size-large\"><img loading=\"lazy\" decoding=\"async\" width=\"1536\" height=\"1024\" src=\"https:\/\/modulobois.fr\/blog\/wp-content\/uploads\/2026\/08\/potager-7-plantations-incontournables-dmarrer-en-mars-pour-garantir-vo-illustration.jpg\" alt=\"Potager : 7 plantations incontournables \u00e0 d\u00e9marrer en mars pour garantir vos r\u00e9coltes estivales, Pourquoi\" class=\"wp-image-385\" srcset=\"https:\/\/modulobois.fr\/blog\/wp-content\/uploads\/2026\/08\/potager-7-plantations-incontournables-dmarrer-en-mars-pour-garantir-vo-illustration.jpg 1536w, https:\/\/modulobois.fr\/blog\/wp-content\/uploads\/2026\/08\/potager-7-plantations-incontournables-dmarrer-en-mars-pour-garantir-vo-illustration-300x200.jpg 300w, https:\/\/modulobois.fr\/blog\/wp-content\/uploads\/2026\/08\/potager-7-plantations-incontournables-dmarrer-en-mars-pour-garantir-vo-illustration-1024x683.jpg 1024w, https:\/\/modulobois.fr\/blog\/wp-content\/uploads\/2026\/08\/potager-7-plantations-incontournables-dmarrer-en-mars-pour-garantir-vo-illustration-768x512.jpg 768w\" sizes=\"auto, (max-width: 1536px) 100vw, 1536px\" \/><\/figure>\n\n<h2 class=\"wp-block-heading\"><span class=\"ez-toc-section\" id=\"Les_7_plantations_incontournables_a_demarrer_en_mars_gestes_precis_espacements_rendement_attendu\"><\/span>Les 7 plantations incontournables \u00e0 d\u00e9marrer en mars : gestes pr\u00e9cis, espacements, rendement attendu<span class=\"ez-toc-section-end\"><\/span><\/h2>\n\n<p class=\"wp-block-paragraph\">Ces <strong>l\u00e9gumes<\/strong> ne sont pas choisis pour \u201cfaire joli\u201d mais pour structurer les r\u00e9coltes : d\u00e9marrage rapide (\u00e9pinard, oignon), production \u00e9tal\u00e9e (carotte, pois), relais de fin de saison (poireau, chou-fleur), et base nourrissante (pomme de terre). L\u2019id\u00e9e est de s\u00e9curiser les <strong>r\u00e9coltes estivales<\/strong> tout en gardant du r\u00e9pondant apr\u00e8s l\u2019\u00e9t\u00e9.<\/p>\n\n<h3 class=\"wp-block-heading\">\u00c9pinard : rapide, tol\u00e9rant au froid, id\u00e9al pour lancer la dynamique<\/h3>\n\n<p class=\"wp-block-paragraph\">Semer l\u2019\u00e9pinard en sillons espac\u00e9s d\u2019environ <strong>30 cm<\/strong>, avec des graines \u00e0 <strong>1 cm<\/strong> de profondeur, donne un rang facile \u00e0 sarcler. La lev\u00e9e est r\u00e9guli\u00e8re si le sol est fin et maintenu humide les premiers jours.<\/p>\n\n<p class=\"wp-block-paragraph\">Les premi\u00e8res feuilles se cueillent t\u00f4t, parfois d\u00e8s avril dans un jardin bien expos\u00e9. L\u2019astuce de terrain : r\u00e9colter feuille \u00e0 feuille plut\u00f4t que d\u2019arracher, pour \u00e9taler la production et garder une planche productive sans tout \u201cvider\u201d d\u2019un coup.<\/p>\n\n<h3 class=\"wp-block-heading\">Oignon de printemps : petites vagues, gros confort en cuisine<\/h3>\n\n<p class=\"wp-block-paragraph\">L\u2019oignon de printemps se plante en <strong>plusieurs vagues<\/strong>, espac\u00e9es de deux \u00e0 trois semaines, sur un sol propre et d\u00e9sherb\u00e9. C\u2019est une plantation qui aime la r\u00e9gularit\u00e9 : une ligne aujourd\u2019hui, une autre apr\u00e8s la prochaine p\u00e9riode douce.<\/p>\n\n<p class=\"wp-block-paragraph\">En cuisine, ces oignons jeunes font le lien entre la fin d\u2019hiver et les premi\u00e8res salades. Pour prolonger l\u2019int\u00e9r\u00eat, il vaut mieux \u00e9viter de tout planter le m\u00eame week-end : l\u2019\u00e9talement simplifie les r\u00e9coltes et l\u2019usage.<\/p>\n\n<h3 class=\"wp-block-heading\">Carotte pr\u00e9coce : sol l\u00e9ger obligatoire, sinon \u00e7a tourne au casse-t\u00eate<\/h3>\n\n<p class=\"wp-block-paragraph\">La carotte pr\u00e9coce pardonne peu sur la pr\u00e9paration. Sol l\u00e9ger, sans cailloux, bien \u00e9miett\u00e9 : sinon les racines fourchent et la r\u00e9colte devient d\u00e9cevante. Le <strong>semis<\/strong> se fait autour de <strong>1 cm<\/strong> de profondeur, en ligne fine, avec un tassement l\u00e9ger pour assurer le contact graine\/terre.<\/p>\n\n<p class=\"wp-block-paragraph\">Le gain, c\u2019est la dur\u00e9e : en d\u00e9marrant t\u00f4t, les premi\u00e8res carottes arrivent en mai et une partie peut tenir jusqu\u2019en fin d\u2019ann\u00e9e avec les bonnes vari\u00e9t\u00e9s. L\u00e0 encore, une protection l\u00e9g\u00e8re les nuits froides \u00e9vite les \u00e0-coups de croissance.<\/p>\n\n<h3 class=\"wp-block-heading\">Pois : la l\u00e9gumineuse qui nourrit aussi le sol<\/h3>\n\n<p class=\"wp-block-paragraph\">Le pois grimpe si on lui donne un filet ou des branches, et cette verticalit\u00e9 lib\u00e8re de la place. Surtout, c\u2019est une l\u00e9gumineuse : elle participe \u00e0 enrichir le sol en azote via ses nodosit\u00e9s, ce qui aide la planche pour les cultures suivantes.<\/p>\n\n<p class=\"wp-block-paragraph\">Pour rester concret : pr\u00e9voir des tuteurs solides d\u00e8s le semis \u00e9vite d\u2019ab\u00eemer les racines en plantant des piquets trop tard. Le pois, c\u2019est le genre de culture qui r\u00e9compense la pr\u00e9paration \u00e0 l\u2019avance.<\/p>\n\n<h3 class=\"wp-block-heading\">Chou-fleur : de l\u2019espace, sinon pas de \u201cpomme\u201d<\/h3>\n\n<p class=\"wp-block-paragraph\">Au repiquage, laisser environ <strong>50 cm<\/strong> entre chaque pied. C\u2019est large, et pourtant c\u2019est souvent l\u00e0 que \u00e7a se joue : trop serr\u00e9, les feuilles se g\u00eanent, la plante stagne, et le pompon central reste petit.<\/p>\n\n<p class=\"wp-block-paragraph\">Un chou-fleur bien conduit demande une croissance r\u00e9guli\u00e8re. Les coups de chaud ou les manques d\u2019eau brutaux le font \u201cmonter\u201d ou se d\u00e9former. Mars permet de l\u2019installer t\u00f4t, avec une r\u00e9serve hydrique naturelle plus confortable.<\/p>\n\n<h3 class=\"wp-block-heading\">Poireau : d\u00e9marrer sous abri pour des plants robustes<\/h3>\n\n<p class=\"wp-block-paragraph\">Le poireau se lance volontiers en godets sous abri en mars, pour sortir ensuite des plants costauds. Ce temps sous protection donne un calibre plus stable \u00e0 la mise en pleine terre, surtout dans les jardins o\u00f9 le vent et les nuits fra\u00eeches freinent les jeunes pousses.<\/p>\n\n<p class=\"wp-block-paragraph\">La logique : une production qui prendra le relais plus tard dans l\u2019ann\u00e9e. C\u2019est un investissement de patience, mais il stabilise l\u2019<strong>entretien potager<\/strong> en fin de saison, quand on appr\u00e9cie d\u2019avoir des l\u00e9gumes \u201cqui tiennent\u201d.<\/p>\n\n<h3 class=\"wp-block-heading\">Pomme de terre : la base nourrissante, \u00e0 lancer d\u00e8s que la terre se travaille<\/h3>\n\n<p class=\"wp-block-paragraph\">La pomme de terre se plante d\u00e8s que le sol n\u2019est plus gel\u00e9 et qu\u2019il s\u2019\u00e9miette sans coller. Un espacement typique est d\u2019environ <strong>30 cm<\/strong> entre tubercules sur le rang, avec un buttage plus tard pour prot\u00e9ger et favoriser la production.<\/p>\n\n<p class=\"wp-block-paragraph\">Les premi\u00e8res pommes de terre nouvelles peuvent arriver en juin selon r\u00e9gions et pr\u00e9cocit\u00e9. Ce n\u2019est pas une promesse, c\u2019est un ordre d\u2019id\u00e9e : la m\u00e9t\u00e9o garde la main. Mais d\u00e9marrer au bon cr\u00e9neau donne souvent une avance nette.<\/p>\n\n<p class=\"wp-block-paragraph\">Pour prolonger la logique \u201carchitecture du potager\u201d, des cultures grimpantes comme les courges peuvent ensuite prendre le relais en \u00e9t\u00e9 : un bon rep\u00e8re pratique se trouve sur <a href=\"https:\/\/modulobois.fr\/blog\/terrasse-exterieur\/courges-systeme-grimpe\/\">ce guide sur le syst\u00e8me de grimpe des courges<\/a>, utile quand l\u2019espace manque.<\/p>\n\n<figure class=\"is-provider-youtube is-type-video wp-block-embed wp-block-embed-youtube wp-embed-aspect-16-9 wp-has-aspect-ratio\"><div class=\"wp-block-embed__wrapper\">\n<iframe loading=\"lazy\" title=\"Sol en Mars : Les 7 ERREURS qui RUINENT votre potager ! (Et comment les \u00e9viter)\" width=\"500\" height=\"281\" src=\"https:\/\/www.youtube.com\/embed\/SsDPmW4apeg?feature=oembed\" frameborder=\"0\" allow=\"accelerometer; autoplay; clipboard-write; encrypted-media; gyroscope; picture-in-picture; web-share\" referrerpolicy=\"strict-origin-when-cross-origin\" allowfullscreen><\/iframe>\n<\/div><\/figure>\n\n<p class=\"wp-block-paragraph\">Ces 7 choix posent le d\u00e9cor. La diff\u00e9rence entre un potager qui tient et un potager qui subit, c\u2019est maintenant la pr\u00e9paration du sol et la gestion de l\u2019humidit\u00e9, sujet du prochain bloc.<\/p>\n\n<h2 class=\"wp-block-heading\"><span class=\"ez-toc-section\" id=\"Preparer_le_sol_en_mars_une_terre_%E2%80%9Camoureuse%E2%80%9D_pour_des_semis_reguliers_et_des_racines_profondes\"><\/span>Pr\u00e9parer le sol en mars : une terre \u201camoureuse\u201d pour des semis r\u00e9guliers et des racines profondes<span class=\"ez-toc-section-end\"><\/span><\/h2>\n\n<p class=\"wp-block-paragraph\">Un bon <strong>jardinage<\/strong> de mars ne d\u00e9pend pas d\u2019un catalogue, mais d\u2019un sol qui accepte la graine. La r\u00e8gle est simple : plus la terre est fine en surface, plus la lev\u00e9e est homog\u00e8ne. Et plus le profil est a\u00e9r\u00e9, plus les racines descendent chercher l\u2019eau.<\/p>\n\n<p class=\"wp-block-paragraph\">Sur le terrain, la pr\u00e9paration se fait en deux temps : d\u00e9compacter sans retourner n\u2019importe comment, puis affiner la couche sup\u00e9rieure. L\u2019objectif est d\u2019\u00e9viter les poches d\u2019air sous les graines et les mottes qui s\u00e8chent comme des cailloux.<\/p>\n\n<h3 class=\"wp-block-heading\">Outillage simple, gestes nets : serfouette, transplantoir, r\u00e2teau<\/h3>\n\n<p class=\"wp-block-paragraph\">Un passage de serfouette suffit souvent pour tracer des sillons propres. Le transplantoir sert \u00e0 installer mottes et bulbilles sans casser les racines, surtout sur oignons et choux repiqu\u00e9s.<\/p>\n\n<p class=\"wp-block-paragraph\">Le r\u00e2teau, lui, fait le travail invisible : il \u00e9miette, nivelle, et permet un semis \u00e0 profondeur constante. Cette r\u00e9gularit\u00e9, c\u2019est la diff\u00e9rence entre une ligne de carottes \u201cen dents de scie\u201d et une ligne continue qu\u2019on peut entretenir vite.<\/p>\n\n<h3 class=\"wp-block-heading\">Protection contre le froid : voile et cloches, mais avec a\u00e9ration<\/h3>\n\n<p class=\"wp-block-paragraph\">Un voile de protection limite les d\u00e9g\u00e2ts des gel\u00e9es tardives et r\u00e9duit aussi les attaques d\u2019insectes sur jeunes feuilles. Les cloches transparentes cr\u00e9ent un microclimat encore plus chaud, utiles sur des plantations sensibles, mais attention \u00e0 l\u2019effet fournaise d\u00e8s que le soleil tape.<\/p>\n\n<p class=\"wp-block-paragraph\">Le bon r\u00e9flexe : ouvrir ou relever un c\u00f4t\u00e9 en journ\u00e9e douce. Une protection qui condense et chauffe trop peut affaiblir les tissus, et le premier coup de froid derri\u00e8re fait plus de d\u00e9g\u00e2ts.<\/p>\n\n<h3 class=\"wp-block-heading\">Semer en poquets pour renforcer la r\u00e9sistance \u00e0 la s\u00e9cheresse<\/h3>\n\n<p class=\"wp-block-paragraph\">Sur certains l\u00e9gumes, un semis en poquets aide \u00e0 s\u00e9lectionner les plants les plus vigoureux. Une m\u00e9thode robuste : d\u00e9poser <strong>trois graines<\/strong> par poquet, \u00e0 environ <strong>1 cm<\/strong>, sur des rangs espac\u00e9s d\u2019environ <strong>40 cm<\/strong>, avec <strong>30 cm<\/strong> entre poquets. Quand les plants atteignent autour de 10 cm, \u00e9claircir pour ne garder que le plus costaud.<\/p>\n\n<p class=\"wp-block-paragraph\">Ce tri favorise un pivot puissant et un enracinement profond. Ensuite, un paillage organique l\u00e9ger maintient la fra\u00eecheur et diminue les arrosages d\u2019appoint en plein \u00e9t\u00e9.<\/p>\n\n<h3 class=\"wp-block-heading\">L\u2019erreur classique : pailler trop t\u00f4t ou trop \u00e9pais sur sol froid<\/h3>\n\n<p class=\"wp-block-paragraph\">Le paillage est un alli\u00e9, mais mal g\u00e9r\u00e9 il ralentit le r\u00e9chauffement du sol. En mars, un paillage trop \u00e9pais peut garder la terre froide et retarder la lev\u00e9e, surtout sur les semis fins.<\/p>\n\n<p class=\"wp-block-paragraph\">La bonne mesure : paillis l\u00e9ger apr\u00e8s la lev\u00e9e, ou paillage pos\u00e9 entre les rangs, pas sur la ligne. Le sol chauffe, la plante d\u00e9marre, et l\u2019eau reste disponible plus longtemps. Prochain sujet logique : organiser l\u2019espace et le calendrier, pour que ces plantations ne se marchent pas dessus.<\/p>\n\n<figure class=\"is-provider-youtube is-type-video wp-block-embed wp-block-embed-youtube wp-embed-aspect-16-9 wp-has-aspect-ratio\"><div class=\"wp-block-embed__wrapper\">\n<iframe loading=\"lazy\" title=\"LE POTAGER EN MARS : plantations en ext\u00e9rieur et reprise des r\u00e9coltes \ud83c\udf31\" width=\"500\" height=\"281\" src=\"https:\/\/www.youtube.com\/embed\/9J9oiqbhNDE?feature=oembed\" frameborder=\"0\" allow=\"accelerometer; autoplay; clipboard-write; encrypted-media; gyroscope; picture-in-picture; web-share\" referrerpolicy=\"strict-origin-when-cross-origin\" allowfullscreen><\/iframe>\n<\/div><\/figure>\n\n<p class=\"wp-block-paragraph\">Quand le sol est pr\u00eat, l\u2019organisation devient la cl\u00e9 : \u00e9taler les vagues de plantation, pr\u00e9voir les supports, et pr\u00e9parer l\u2019entretien de saison sans se compliquer la vie.<\/p>\n\n<h2 class=\"wp-block-heading\"><span class=\"ez-toc-section\" id=\"Organiser_lespace_et_le_calendrier_en_mars_un_potager_productif_sans_surcharge_dentretien\"><\/span>Organiser l\u2019espace et le calendrier en mars : un potager productif sans surcharge d\u2019entretien<span class=\"ez-toc-section-end\"><\/span><\/h2>\n\n<p class=\"wp-block-paragraph\">Un <strong>potager<\/strong> productif n\u2019est pas celui o\u00f9 tout est plant\u00e9 d\u00e8s que la m\u00e9t\u00e9o sourit. C\u2019est celui o\u00f9 les successions sont pr\u00e9vues : ce qui se r\u00e9colte t\u00f4t lib\u00e8re une place pour ce qui arrive plus tard. En mars, cette logique \u00e9vite d\u2019avoir d\u2019un c\u00f4t\u00e9 une jungle impossible \u00e0 d\u00e9sherber, et de l\u2019autre des trous de production en plein \u00e9t\u00e9.<\/p>\n\n<p class=\"wp-block-paragraph\">Le plus efficace est de raisonner en \u201cplanches\u201d et en \u201cvagues\u201d. Les oignons de printemps se posent en plusieurs fois. Les \u00e9pinards peuvent \u00eatre sem\u00e9s \u00e0 intervalles pour \u00e9taler les feuilles. Les pommes de terre occupent une zone d\u00e9di\u00e9e qui ne bouge plus jusqu\u2019\u00e0 la r\u00e9colte, ce qui clarifie l\u2019entretien.<\/p>\n\n<h3 class=\"wp-block-heading\">Mini-plan de rotation accessible (sans se prendre pour un ing\u00e9nieur agronome)<\/h3>\n\n<p class=\"wp-block-paragraph\">Une rotation simple consiste \u00e0 \u00e9viter de remettre au m\u00eame endroit, l\u2019ann\u00e9e suivante, des l\u00e9gumes de la m\u00eame famille. Sans entrer dans un casse-t\u00eate, une r\u00e8gle d\u2019atelier fonctionne : apr\u00e8s une l\u00e9gumineuse (pois), placer une culture plus gourmande l\u2019ann\u00e9e d\u2019apr\u00e8s, car le sol aura \u00e9t\u00e9 \u201caid\u00e9\u201d.<\/p>\n\n<p class=\"wp-block-paragraph\">Autre rep\u00e8re : les racines (carottes) appr\u00e9cient une terre qui a \u00e9t\u00e9 enrichie plus t\u00f4t, mais pas sur-fra\u00eeche en fumier. Un apport organique m\u00fbr en automne, puis une bonne pr\u00e9paration au printemps, donne souvent le meilleur compromis.<\/p>\n\n<h3 class=\"wp-block-heading\">Carr\u00e9s potagers et bordures : quand le bois aide r\u00e9ellement au jardinage<\/h3>\n\n<p class=\"wp-block-paragraph\">Dans beaucoup de jardins, les <strong>plantations<\/strong> de mars patinent \u00e0 cause d\u2019un sol lourd ou d\u2019un terrain qui se gorge d\u2019eau. Les carr\u00e9s potagers sur\u00e9lev\u00e9s apportent une solution simple : on ma\u00eetrise le m\u00e9lange de terre, le drainage, et on travaille \u00e0 hauteur plus confortable.<\/p>\n\n<p class=\"wp-block-paragraph\">Pour une mise en \u0153uvre propre et durable, les sections, les fixations et la protection du bois comptent autant que la forme. Une ressource utile pour d\u00e9marrer se trouve ici : <a href=\"https:\/\/modulobois.fr\/blog\/terrasse-exterieur\/carres-potagers-sureleves-diy\/\">carr\u00e9s potagers sur\u00e9lev\u00e9s DIY<\/a>. L\u2019id\u00e9e n\u2019est pas de \u201cfaire du bois pour faire du bois\u201d, mais de gagner du temps sur l\u2019<strong>entretien potager<\/strong> et d\u2019obtenir des lev\u00e9es plus r\u00e9guli\u00e8res.<\/p>\n\n<h3 class=\"wp-block-heading\">Supports et circulations : anticiper pour ne pas casser les plants<\/h3>\n\n<p class=\"wp-block-paragraph\">Les pois demandent un support ; mieux vaut l\u2019installer t\u00f4t. Les passages entre planches doivent rester praticables m\u00eame quand la v\u00e9g\u00e9tation monte, sinon on finit par \u00e9craser un rang \u00e0 chaque d\u00e9sherbage.<\/p>\n\n<p class=\"wp-block-paragraph\">Une astuce simple consiste \u00e0 mat\u00e9rialiser les all\u00e9es (copeaux, feuilles, ou gravier fin) pour garder les chaussures au sec et limiter les remont\u00e9es de terre sur les feuilles. Pour des all\u00e9es nettes et durables, des pistes concr\u00e8tes existent sur <a href=\"https:\/\/modulobois.fr\/blog\/terrasse-exterieur\/astuces-gravier-propre\/\">ces astuces pour garder un gravier propre<\/a>.<\/p>\n\n<h3 class=\"wp-block-heading\">Liste de contr\u00f4le \u201csemaine de mars\u201d pour ne rien oublier<\/h3>\n\n<ul class=\"wp-block-list\"><li><strong>V\u00e9rifier la terre<\/strong> : elle doit s\u2019\u00e9mietter, pas coller.<\/li><li><strong>Affiner la surface<\/strong> sur les zones de semis fins (carotte, \u00e9pinard).<\/li><li><strong>Tracer<\/strong> des rangs r\u00e9guliers (facilite binage et arrosage).<\/li><li><strong>Installer les supports<\/strong> des pois d\u00e8s le d\u00e9part.<\/li><li><strong>Pr\u00e9voir une protection<\/strong> (voile\/cloches) pr\u00eate \u00e0 \u00eatre pos\u00e9e en cas de nuit froide.<\/li><li><strong>\u00c9chelonner<\/strong> oignons de printemps et quelques semis pour lisser les r\u00e9coltes.<\/li><\/ul>\n\n<p class=\"wp-block-paragraph\">Cette organisation rend le potager plus pr\u00e9visible, et c\u2019est pr\u00e9cis\u00e9ment ce qui aide quand l\u2019\u00e9t\u00e9 tape fort : moins de surprises, moins de rattrapage. Reste un point d\u00e9cisif pour garantir les <strong>r\u00e9coltes estivales<\/strong> : l\u2019entretien, surtout l\u2019eau et la protection contre les stress.<\/p>\n\n<h2 class=\"wp-block-heading\"><span class=\"ez-toc-section\" id=\"Entretien_potager_du_printemps_a_lete_arroser_moins_recolter_mieux_eviter_les_coups_darret\"><\/span>Entretien potager du printemps \u00e0 l\u2019\u00e9t\u00e9 : arroser moins, r\u00e9colter mieux, \u00e9viter les coups d\u2019arr\u00eat<span class=\"ez-toc-section-end\"><\/span><\/h2>\n\n<p class=\"wp-block-paragraph\">Une fois les <strong>semis<\/strong> et plantations lanc\u00e9s en mars, la tentation est de \u201claisser faire\u201d. Or, les premi\u00e8res semaines d\u00e9cident souvent de la suite : un stress hydrique t\u00f4t sur carotte ou chou peut laisser une culture ch\u00e9tive, m\u00eame si l\u2019on arrose plus tard.<\/p>\n\n<p class=\"wp-block-paragraph\">Le bon objectif n\u2019est pas d\u2019arroser beaucoup, mais d\u2019arroser au bon moment, pour pousser les racines \u00e0 descendre. Un sol maintenu l\u00e9g\u00e8rement humide en surface au moment de la germination, puis des apports plus espac\u00e9s mais plus profonds, donnent souvent des plantes plus autonomes.<\/p>\n\n<h3 class=\"wp-block-heading\">Arrosage : le pi\u00e8ge du \u201cpetit jet tous les soirs\u201d<\/h3>\n\n<p class=\"wp-block-paragraph\">Arroser un peu et souvent humidifie surtout la couche sup\u00e9rieure, et incite les racines \u00e0 rester en surface. \u00c0 la premi\u00e8re chaleur, la plante souffre et r\u00e9clame encore plus d\u2019eau. C\u2019est le cercle vicieux connu de nombreux jardins.<\/p>\n\n<p class=\"wp-block-paragraph\">\u00c0 l\u2019inverse, un arrosage plus copieux mais moins fr\u00e9quent encourage un enracinement profond. Sur pommes de terre et choux, cette logique stabilise la croissance et limite les \u00e0-coups.<\/p>\n\n<h3 class=\"wp-block-heading\">Paillage : ajuster l\u2019\u00e9paisseur selon le stade<\/h3>\n\n<p class=\"wp-block-paragraph\">Le paillage organique l\u00e9ger apr\u00e8s lev\u00e9e garde l\u2019humidit\u00e9 et coupe une partie des adventices. Sur pois et pommes de terre, il aide aussi \u00e0 limiter l\u2019\u00e9claboussure de terre sur les feuilles lors des pluies, ce qui r\u00e9duit certains risques sanitaires.<\/p>\n\n<p class=\"wp-block-paragraph\">Sur les semis fins, la prudence reste de mise : on prot\u00e8ge le sol entre les rangs, on laisse la ligne respirer. Ce r\u00e9glage fin est souvent plus efficace qu\u2019un \u201cgrand tapis\u201d pos\u00e9 trop t\u00f4t.<\/p>\n\n<h3 class=\"wp-block-heading\">Protection et vigilance : petits gestes, gros impacts<\/h3>\n\n<p class=\"wp-block-paragraph\">Une cloche pos\u00e9e sur un repiquage de chou-fleur peut sauver une semaine de croissance si une nuit froide arrive. Un voile remis deux soir\u00e9es de suite peut \u00e9viter le feuillage br\u00fbl\u00e9. L\u2019entretien, c\u2019est aussi savoir intervenir vite, sans attendre que le plant \u201cparle\u201d trop fort.<\/p>\n\n<p class=\"wp-block-paragraph\">Pour gagner en r\u00e9activit\u00e9, un test simple et rapide aide \u00e0 trier ce qui peut repartir et ce qui est perdu : <a href=\"https:\/\/modulobois.fr\/blog\/terrasse-exterieur\/test-rapide-sauve-plantes\/\">un test rapide qui sauve des plantes<\/a>. L\u2019id\u00e9e est d\u2019\u00e9viter de s\u2019acharner sur un plant condamn\u00e9, et de re-semer \u00e0 temps.<\/p>\n\n<h3 class=\"wp-block-heading\">C\u00f4t\u00e9 budget : pr\u00e9voir les petits achats utiles (sans se faire avoir)<\/h3>\n\n<p class=\"wp-block-paragraph\">\u00c0 titre indicatif en 2026, un voile de for\u00e7age co\u00fbte souvent quelques euros selon dimensions, et des cloches rigides montent plus vite. L\u2019investissement est modeste compar\u00e9 \u00e0 la valeur d\u2019une planche de l\u00e9gumes r\u00e9ussie, mais il faut acheter adapt\u00e9 : un voile trop fragile se d\u00e9chire au premier coup de vent.<\/p>\n\n<p class=\"wp-block-paragraph\">Pour les supports \u00e0 pois, des solutions simples (branches, filet tendu) fonctionnent tr\u00e8s bien. Le luxe n\u2019est pas n\u00e9cessaire ; la stabilit\u00e9, si.<\/p>\n\n<p class=\"wp-block-paragraph\">Pour terminer sans en faire des tonnes : <strong>avant d\u2019acheter ou de semer<\/strong>, v\u00e9rifier que la terre se travaille et que les protections sont pr\u00eates \u00e0 \u00eatre pos\u00e9es le soir m\u00eame. En mars, ce sont ces d\u00e9tails qui font les saisons pleines.<\/p>\n\n\n<h3>Que planter en mars au potager si le sol est encore froid ?<\/h3>\n<p>Miser sur des l\u00e9gumes tol\u00e9rants : \u00e9pinard, oignon de printemps, pois, carotte pr\u00e9coce (si sol l\u00e9ger), et d\u00e9marrer le poireau sous abri. En cas de nuits froides, un voile de protection pos\u00e9 le soir et retir\u00e9 le matin limite les blocages de croissance.<\/p>\n<h3>Quelle profondeur de semis viser en mars pour \u00e9viter les lev\u00e9es irr\u00e9guli\u00e8res ?<\/h3>\n<p>Beaucoup de semis fins se font autour de 1 cm : \u00e9pinard et carotte pr\u00e9coce notamment. Plus profond, la lev\u00e9e s\u2019\u00e9puise ; plus superficiel, la graine s\u00e8che. Un l\u00e9ger tassement apr\u00e8s semis am\u00e9liore le contact graine\/terre.<\/p>\n<h3>Comment prot\u00e9ger les jeunes plantations contre une gel\u00e9e tardive sans les \u00e9touffer ?<\/h3>\n<p>Utiliser un voile de for\u00e7age ou des cloches, mais a\u00e9rer d\u00e8s que le soleil r\u00e9chauffe. Une protection ferm\u00e9e en journ\u00e9e peut surchauffer et fragiliser les tissus, rendant la plante plus sensible au froid ensuite.<\/p>\n<h3>Comment \u00e9taler les r\u00e9coltes estivales avec les plantations de mars ?<\/h3>\n<p>\u00c9chelonner certaines cultures : oignon de printemps en plusieurs vagues toutes les 2 \u00e0 3 semaines, semis d\u2019\u00e9pinards en deux passages, et planches organis\u00e9es pour lib\u00e9rer de la place apr\u00e8s les r\u00e9coltes pr\u00e9coces. Cette strat\u00e9gie \u00e9vite le \u201ctout d\u2019un coup\u201d, puis le vide.<\/p>\n<h3>Quelle est l\u2019erreur la plus fr\u00e9quente en mars au potager ?<\/h3>\n<p>Semer dans une terre mal pr\u00e9par\u00e9e (mottes, cailloux, sol collant) et oublier la protection lors d\u2019une nuit froide. La combinaison donne une lev\u00e9e irr\u00e9guli\u00e8re, des racines d\u00e9form\u00e9es (carottes) et des plants ralentis qui ne rattrapent pas vraiment le retard.<\/p>\n\n","protected":false},"excerpt":{"rendered":"<p>En bref Mars est ce mois o\u00f9 le givre peut encore crisser sous la semelle au lever du jour, alors que le soleil de l\u2019apr\u00e8s-midi donne d\u00e9j\u00e0 envie de sortir les sachets de graines. Au potager, cette zone grise entre hiver et printemps se g\u00e8re comme un chantier : on pr\u00e9pare, on prot\u00e8ge, on lance [&hellip;]<\/p>\n","protected":false},"author":1,"featured_media":384,"comment_status":"open","ping_status":"closed","sticky":false,"template":"","format":"standard","meta":{"footnotes":""},"categories":[17],"tags":[],"class_list":["post-213","post","type-post","status-publish","format-standard","has-post-thumbnail","hentry","category-jardin-amenagement"],"_links":{"self":[{"href":"https:\/\/modulobois.fr\/blog\/wp-json\/wp\/v2\/posts\/213","targetHints":{"allow":["GET"]}}],"collection":[{"href":"https:\/\/modulobois.fr\/blog\/wp-json\/wp\/v2\/posts"}],"about":[{"href":"https:\/\/modulobois.fr\/blog\/wp-json\/wp\/v2\/types\/post"}],"author":[{"embeddable":true,"href":"https:\/\/modulobois.fr\/blog\/wp-json\/wp\/v2\/users\/1"}],"replies":[{"embeddable":true,"href":"https:\/\/modulobois.fr\/blog\/wp-json\/wp\/v2\/comments?post=213"}],"version-history":[{"count":2,"href":"https:\/\/modulobois.fr\/blog\/wp-json\/wp\/v2\/posts\/213\/revisions"}],"predecessor-version":[{"id":387,"href":"https:\/\/modulobois.fr\/blog\/wp-json\/wp\/v2\/posts\/213\/revisions\/387"}],"wp:featuredmedia":[{"embeddable":true,"href":"https:\/\/modulobois.fr\/blog\/wp-json\/wp\/v2\/media\/384"}],"wp:attachment":[{"href":"https:\/\/modulobois.fr\/blog\/wp-json\/wp\/v2\/media?parent=213"}],"wp:term":[{"taxonomy":"category","embeddable":true,"href":"https:\/\/modulobois.fr\/blog\/wp-json\/wp\/v2\/categories?post=213"},{"taxonomy":"post_tag","embeddable":true,"href":"https:\/\/modulobois.fr\/blog\/wp-json\/wp\/v2\/tags?post=213"}],"curies":[{"name":"wp","href":"https:\/\/api.w.org\/{rel}","templated":true}]}}