{"id":207,"date":"2026-07-31T10:28:12","date_gmt":"2026-07-31T10:28:12","guid":{"rendered":"https:\/\/modulobois.fr\/blog\/terrasse-exterieur\/qualite-air-interieur-pollution\/"},"modified":"2026-08-05T23:36:50","modified_gmt":"2026-08-05T23:36:50","slug":"qualite-air-interieur-pollution","status":"publish","type":"post","link":"https:\/\/modulobois.fr\/blog\/terrasse-exterieur\/qualite-air-interieur-pollution\/","title":{"rendered":"Qualit\u00e9 de l\u2019air int\u00e9rieur : 7 foyers sur 10 expos\u00e9s \u00e0 une pollution invisible qui menace leur sant\u00e9"},"content":{"rendered":"<p class=\"wp-block-paragraph\"><strong>En bref<\/strong><\/p>\n\n<ul class=\"wp-block-list\"><li><strong>7 foyers sur 10<\/strong> d\u00e9passent encore les objectifs sanitaires pour les <strong>particules fines PM2,5<\/strong> : la <strong>Qualit\u00e9 de l\u2019air int\u00e9rieur<\/strong> n\u2019est plus un sujet de confort, mais de <strong>Sant\u00e9<\/strong>.<\/li><li>Entre <strong>pollution invisible<\/strong> (COV, radon, benz\u00e8ne) et signaux concrets (vitres qui ruissellent, odeurs persistantes, taches), l\u2019<strong>Air int\u00e9rieur<\/strong> peut \u00eatre plus charg\u00e9 que l\u2019air de la rue, malgr\u00e9 l\u2019impression de \u201cchez soi, on est \u00e0 l\u2019abri\u201d.<\/li><li>La campagne nationale men\u00e9e entre 2020 et 2023 (571 logements, 170+ substances recherch\u00e9es) montre des <strong>Foyers expos\u00e9s<\/strong> partout, avec des \u00e9carts entre ressenti des occupants et constat d\u2019enqu\u00eateurs.<\/li><li>La priorit\u00e9 reste la m\u00eame : <strong>Ventilation<\/strong> + r\u00e9duction des <strong>Polluants domestiques<\/strong> \u00e0 la source (produits, meubles, finitions), avant de compter sur des solutions gadgets.<\/li><\/ul>\n\n<p class=\"wp-block-paragraph\">Fermer la porte ne coupe pas tout : l\u2019<strong>Air int\u00e9rieur<\/strong> concentre souvent ce que le logement fabrique, retient et recycle. Et comme cette <strong>pollution invisible<\/strong> ne se voit pas, elle s\u2019installe sans bruit dans le quotidien.<\/p>\n\n<figure class=\"wp-block-table\"><table>\n<thead>\n<tr>\n<th><strong>Peu de temps ? Voil\u00e0 ce qu&rsquo;il faut retenir :<\/strong><\/th>\n<\/tr>\n<\/thead>\n<tbody>\n<tr>\n<td><strong>Point cl\u00e9 #1 :<\/strong> viser d\u2019abord le duo gagnant <strong>Ventilation<\/strong> + gestes de r\u00e9duction \u00e0 la source (produits, cuisson, humidit\u00e9).<\/td>\n<\/tr>\n<tr>\n<td><strong>Point cl\u00e9 #2 :<\/strong> un capteur de <strong>CO\u2082<\/strong> ne mesure pas les toxiques, mais donne un rep\u00e8re simple du confinement pour a\u00e9rer au bon moment.<\/td>\n<\/tr>\n<tr>\n<td><strong>Point cl\u00e9 #3 :<\/strong> l\u2019erreur classique : boucher les entr\u00e9es d\u2019air \u201cpour \u00e9viter le froid\u201d et cr\u00e9er un logement qui retient l\u2019humidit\u00e9, les odeurs et les particules.<\/td>\n<\/tr>\n<tr>\n<td><strong>Point cl\u00e9 #4 :<\/strong> c\u00f4t\u00e9 budget (indicatif) : une maintenance VMC + remplacement de bouches et gaines accessibles co\u00fbte souvent moins cher qu\u2019une s\u00e9rie de \u201cpurificateurs miracles\u201d.<\/td>\n<\/tr>\n<\/tbody>\n<\/table><\/figure>\n\n<div id=\"ez-toc-container\" class=\"ez-toc-v2_0_87 counter-hierarchy ez-toc-counter ez-toc-grey ez-toc-container-direction\">\n<div class=\"ez-toc-title-container\">\n<p class=\"ez-toc-title\" style=\"cursor:inherit\">Sommaire<\/p>\n<span class=\"ez-toc-title-toggle\"><a href=\"#\" class=\"ez-toc-pull-right ez-toc-btn ez-toc-btn-xs ez-toc-btn-default ez-toc-toggle\" aria-label=\"Toggle Table of Content\"><span class=\"ez-toc-js-icon-con\"><span class=\"\"><span class=\"eztoc-hide\" style=\"display:none;\">Toggle<\/span><span class=\"ez-toc-icon-toggle-span\"><svg style=\"fill: #999;color:#999\" xmlns=\"http:\/\/www.w3.org\/2000\/svg\" class=\"list-377408\" width=\"20px\" height=\"20px\" viewBox=\"0 0 24 24\" fill=\"none\"><path d=\"M6 6H4v2h2V6zm14 0H8v2h12V6zM4 11h2v2H4v-2zm16 0H8v2h12v-2zM4 16h2v2H4v-2zm16 0H8v2h12v-2z\" fill=\"currentColor\"><\/path><\/svg><svg style=\"fill: #999;color:#999\" class=\"arrow-unsorted-368013\" xmlns=\"http:\/\/www.w3.org\/2000\/svg\" width=\"10px\" height=\"10px\" viewBox=\"0 0 24 24\" version=\"1.2\" baseProfile=\"tiny\"><path d=\"M18.2 9.3l-6.2-6.3-6.2 6.3c-.2.2-.3.4-.3.7s.1.5.3.7c.2.2.4.3.7.3h11c.3 0 .5-.1.7-.3.2-.2.3-.5.3-.7s-.1-.5-.3-.7zM5.8 14.7l6.2 6.3 6.2-6.3c.2-.2.3-.5.3-.7s-.1-.5-.3-.7c-.2-.2-.4-.3-.7-.3h-11c-.3 0-.5.1-.7.3-.2.2-.3.5-.3.7s.1.5.3.7z\"\/><\/svg><\/span><\/span><\/span><\/a><\/span><\/div>\n<nav><ul class='ez-toc-list ez-toc-list-level-1 eztoc-toggle-hide-by-default' ><li class='ez-toc-page-1 ez-toc-heading-level-2'><a class=\"ez-toc-link ez-toc-heading-1\" href=\"https:\/\/modulobois.fr\/blog\/terrasse-exterieur\/qualite-air-interieur-pollution\/#Pourquoi_7_foyers_sur_10_restent_concernes_par_la_Qualite_de_lair_interieur\" >Pourquoi 7 foyers sur 10 restent concern\u00e9s par la Qualit\u00e9 de l\u2019air int\u00e9rieur<\/a><\/li><li class='ez-toc-page-1 ez-toc-heading-level-2'><a class=\"ez-toc-link ez-toc-heading-2\" href=\"https:\/\/modulobois.fr\/blog\/terrasse-exterieur\/qualite-air-interieur-pollution\/#Pollution_invisible_reconnaitre_les_polluants_domestiques_sans_se_raconter_dhistoires\" >Pollution invisible : reconna\u00eetre les polluants domestiques sans se raconter d\u2019histoires<\/a><\/li><li class='ez-toc-page-1 ez-toc-heading-level-2'><a class=\"ez-toc-link ez-toc-heading-3\" href=\"https:\/\/modulobois.fr\/blog\/terrasse-exterieur\/qualite-air-interieur-pollution\/#Ventilation_efficace_la_methode_simple_qui_change_vraiment_lair_interieur\" >Ventilation efficace : la m\u00e9thode simple qui change vraiment l\u2019air int\u00e9rieur<\/a><\/li><li class='ez-toc-page-1 ez-toc-heading-level-2'><a class=\"ez-toc-link ez-toc-heading-4\" href=\"https:\/\/modulobois.fr\/blog\/terrasse-exterieur\/qualite-air-interieur-pollution\/#Materiaux_finitions_meubles_choisir_sans_greenwashing_pour_limiter_les_risques_sanitaires\" >Mat\u00e9riaux, finitions, meubles : choisir sans greenwashing pour limiter les risques sanitaires<\/a><\/li><\/ul><\/nav><\/div>\n<h2 class=\"wp-block-heading\"><span class=\"ez-toc-section\" id=\"Pourquoi_7_foyers_sur_10_restent_concernes_par_la_Qualite_de_lair_interieur\"><\/span>Pourquoi 7 foyers sur 10 restent concern\u00e9s par la Qualit\u00e9 de l\u2019air int\u00e9rieur<span class=\"ez-toc-section-end\"><\/span><\/h2>\n\n<p class=\"wp-block-paragraph\">La <strong>Qualit\u00e9 de l\u2019air int\u00e9rieur<\/strong> a longtemps \u00e9t\u00e9 trait\u00e9e comme un sujet secondaire, derri\u00e8re l\u2019isolation, le chauffage ou la d\u00e9co. Pourtant, les ordres de grandeur ram\u00e8nent vite \u00e0 la r\u00e9alit\u00e9 : une personne respire environ <strong>15 000 litres d\u2019air par jour<\/strong>. Et en climat temp\u00e9r\u00e9, la vie moderne se passe majoritairement dedans, autour de <strong>85 % du temps<\/strong> selon les estimations sanitaires, entre logement, transports, bureaux et commerces.<\/p>\n\n<p class=\"wp-block-paragraph\">Dans ce contexte, il suffit de quelques sources continues pour faire monter les niveaux : une cuisine ouverte sans extraction efficace, des produits m\u00e9nagers tr\u00e8s parfum\u00e9s, un po\u00eale mal r\u00e9gl\u00e9, une salle de bains qui s\u00e8che mal. Rien de spectaculaire. Mais, \u00e0 force, le m\u00e9lange devient un bruit de fond qui p\u00e8se sur le <strong>Bien-\u00eatre<\/strong> et, parfois, sur la <strong>Sant\u00e9<\/strong>.<\/p>\n\n<h3 class=\"wp-block-heading\">Ce que montre la grande photographie des logements fran\u00e7ais (campagne 2020-2023)<\/h3>\n\n<p class=\"wp-block-paragraph\">Une campagne nationale men\u00e9e entre fin 2020 et d\u00e9but 2023 a \u00e9tudi\u00e9 <strong>571 logements<\/strong> r\u00e9partis dans <strong>321 communes<\/strong> et <strong>84 d\u00e9partements<\/strong>. Plus de <strong>170 polluants<\/strong> ont \u00e9t\u00e9 recherch\u00e9s, puis les r\u00e9sultats extrapol\u00e9s \u00e0 pr\u00e8s de <strong>30 millions de logements<\/strong>. Cette approche ne dit pas \u201ctout est dangereux partout\u201d, mais elle met en \u00e9vidence un fait simple : dans un logement standard, la majorit\u00e9 des substances cibl\u00e9es sont d\u00e9tect\u00e9es dans plus d\u2019un logement sur deux.<\/p>\n\n<p class=\"wp-block-paragraph\">Le chiffre qui marque les esprits reste celui des <strong>PM2,5<\/strong> : environ <strong>70 % des logements<\/strong> d\u00e9passent encore l\u2019objectif sanitaire. Cela ne veut pas dire que chaque pi\u00e8ce est en permanence au-dessus des seuils, mais que l\u2019exposition est suffisamment fr\u00e9quente ou durable pour \u00eatre pr\u00e9occupante. S\u2019ajoutent des d\u00e9passements ponctuels ou localis\u00e9s pour le <strong>radon<\/strong>, le <strong>formald\u00e9hyde<\/strong>, le <strong>benz\u00e8ne<\/strong> ou le <strong>dioxyde d\u2019azote<\/strong>.<\/p>\n\n<p class=\"wp-block-paragraph\">Dernier indicateur tr\u00e8s parlant pour un artisan habitu\u00e9 \u00e0 traquer les causes avant de poncer les sympt\u00f4mes : entre <strong>14 et 20 %<\/strong> des habitations pr\u00e9sentent des <strong>moisissures visibles<\/strong>. L\u00e0, le probl\u00e8me est rarement \u201cmyst\u00e9rieux\u201d : humidit\u00e9, d\u00e9faut d\u2019extraction, renouvellement d\u2019air insuffisant, ponts thermiques et zones froides. Le logement raconte ce qui ne se voit pas encore dans l\u2019air.<\/p>\n\n<h3 class=\"wp-block-heading\">Le pi\u00e8ge du ressenti : \u201c\u00e7a sent bon, donc c\u2019est sain\u201d<\/h3>\n\n<p class=\"wp-block-paragraph\">Une donn\u00e9e ressort souvent des enqu\u00eates : le d\u00e9calage entre impression et constat. Dans une \u00e9tude, <strong>59 %<\/strong> des occupants jugent l\u2019air de leur logement agr\u00e9able, alors que seulement <strong>28 %<\/strong> des enqu\u00eateurs sp\u00e9cialis\u00e9s partagent cet avis. Ce foss\u00e9 n\u2019a rien d\u2019accusateur : l\u2019odorat s\u2019habitue, et le cerveau associe \u201cparfum\u201d \u00e0 \u201cpropre\u201d. Or, un spray \u201clinge frais\u201d peut charger l\u2019air en compos\u00e9s irritants, sans que personne ne tousse sur le moment.<\/p>\n\n<p class=\"wp-block-paragraph\">Cette confusion explique pourquoi les <strong>Foyers expos\u00e9s<\/strong> ne se limitent pas \u00e0 des logements v\u00e9tustes. Un int\u00e9rieur r\u00e9nov\u00e9, bien isol\u00e9, avec des fen\u00eatres tr\u00e8s \u00e9tanches, peut devenir un bocal performant\u2026 si la <strong>Ventilation<\/strong> n\u2019est pas \u00e0 la hauteur. Le sujet de la pi\u00e8ce suivante s\u2019impose alors : d\u2019o\u00f9 viennent ces <strong>Polluants domestiques<\/strong> qui s\u2019accumulent ?<\/p>\n\n\n\n<figure class=\"wp-block-image size-large\"><img loading=\"lazy\" decoding=\"async\" width=\"1536\" height=\"1024\" src=\"https:\/\/modulobois.fr\/blog\/wp-content\/uploads\/2026\/08\/detecteur-qualite-air-maison-plantes.jpg\" alt=\"D\u00e9tecteur de qualit\u00e9 d&apos;air pos\u00e9 pr\u00e8s d&apos;une fen\u00eatre entrouverte avec des plantes\" class=\"wp-image-505\" srcset=\"https:\/\/modulobois.fr\/blog\/wp-content\/uploads\/2026\/08\/detecteur-qualite-air-maison-plantes.jpg 1536w, https:\/\/modulobois.fr\/blog\/wp-content\/uploads\/2026\/08\/detecteur-qualite-air-maison-plantes-300x200.jpg 300w, https:\/\/modulobois.fr\/blog\/wp-content\/uploads\/2026\/08\/detecteur-qualite-air-maison-plantes-1024x683.jpg 1024w, https:\/\/modulobois.fr\/blog\/wp-content\/uploads\/2026\/08\/detecteur-qualite-air-maison-plantes-768x512.jpg 768w\" sizes=\"auto, (max-width: 1536px) 100vw, 1536px\" \/><figcaption class=\"wp-element-caption\">Illustration g\u00e9n\u00e9r\u00e9e par intelligence artificielle.<\/figcaption><\/figure>\n\n<h2 class=\"wp-block-heading\"><span class=\"ez-toc-section\" id=\"Pollution_invisible_reconnaitre_les_polluants_domestiques_sans_se_raconter_dhistoires\"><\/span>Pollution invisible : reconna\u00eetre les polluants domestiques sans se raconter d\u2019histoires<span class=\"ez-toc-section-end\"><\/span><\/h2>\n\n<p class=\"wp-block-paragraph\">La <strong>pollution invisible<\/strong> ne se r\u00e9sume pas \u00e0 \u201cun air sale\u201d. C\u2019est un cocktail variable, fait de gaz, de particules, d\u2019allerg\u00e8nes et parfois de radionucl\u00e9ides naturels. L\u2019erreur classique consiste \u00e0 chercher une cause unique, comme si un seul produit expliquait tout. Dans un logement, les \u00e9missions viennent de partout, un peu comme une charpente : ce n\u2019est jamais un seul chevron qui fait le toit, c\u2019est l\u2019assemblage.<\/p>\n\n<h3 class=\"wp-block-heading\">Les grandes familles de polluants et leurs sources courantes<\/h3>\n\n<p class=\"wp-block-paragraph\">Les <strong>compos\u00e9s organiques volatils<\/strong> (COV) forment une famille centrale. On y retrouve notamment le <strong>formald\u00e9hyde<\/strong> et le <strong>benz\u00e8ne<\/strong>, \u00e9mis par certaines peintures, vernis, colles, encres, moquettes, panneaux reconstitu\u00e9s, ou mobilier synth\u00e9tique. Le point pi\u00e9geux : ces substances peuvent se lib\u00e9rer lentement, pendant des semaines ou des mois apr\u00e8s des travaux, l\u2019achat d\u2019une armoire, ou l\u2019installation d\u2019un sol stratifi\u00e9.<\/p>\n\n<p class=\"wp-block-paragraph\">\u00c0 c\u00f4t\u00e9 des COV, il y a les <strong>particules fines<\/strong> : cuisson, bougies, encens, chemin\u00e9e, po\u00eale, friture du dimanche, grille-pain, voire aspirateur mal filtr\u00e9. Certaines particules sont ultrafines : elles ne salissent pas forc\u00e9ment les meubles, mais elles se respirent. Ajoutons le <strong>dioxyde d\u2019azote<\/strong> (cuisson au gaz, infiltration depuis la <strong>pollution atmosph\u00e9rique<\/strong> ext\u00e9rieure) et les allerg\u00e8nes (acariens, pollens ramen\u00e9s, poils, moisissures).<\/p>\n\n<p class=\"wp-block-paragraph\">Enfin, le <strong>radon<\/strong> est un cas \u00e0 part : gaz radioactif naturel issu de certains sous-sols. Il ne d\u00e9pend pas du m\u00e9nage ou du parfum d\u2019ambiance. Il d\u00e9pend de la g\u00e9ologie, de l\u2019\u00e9tanch\u00e9it\u00e9 du b\u00e2ti, et du renouvellement d\u2019air. Un sous-sol ou un rez-de-chauss\u00e9e mal ventil\u00e9 dans une zone \u00e0 potentiel radon m\u00e9rite un vrai d\u00e9pistage.<\/p>\n\n<h3 class=\"wp-block-heading\">Cas concret : un duplex r\u00e9nov\u00e9, \u201cbeau\u201d mais irritant<\/h3>\n\n<p class=\"wp-block-paragraph\">Exemple typique : un duplex refait \u00e0 neuf, avec peinture neuve, placards en panneaux, parquet flottant, et rideaux occultants \u00e9pais. Les premi\u00e8res semaines, l\u2019odeur de neuf est per\u00e7ue comme agr\u00e9able. Puis apparaissent gorge s\u00e8che, yeux qui piquent, migraines intermittentes. Rien d\u2019assez violent pour \u201calerter\u201d, mais assez pour user.<\/p>\n\n<p class=\"wp-block-paragraph\">Dans ce sc\u00e9nario, le probl\u00e8me n\u2019est pas \u201cle bois\u201d ou \u201cla peinture\u201d pris isol\u00e9ment. C\u2019est l\u2019addition : \u00e9missions de mat\u00e9riaux + manque d\u2019extraction pendant la cuisson + <strong>Ventilation<\/strong> encrass\u00e9e + entr\u00e9es d\u2019air obtur\u00e9es \u201cpour \u00e9viter les courants\u201d. L\u2019air se charge et ne se renouvelle plus au bon rythme.<\/p>\n\n<h3 class=\"wp-block-heading\">L\u2019erreur classique : traiter les odeurs au lieu de traiter la source<\/h3>\n\n<p class=\"wp-block-paragraph\">Quand un logement sent la cuisine, l\u2019humidit\u00e9 ou le renferm\u00e9, le r\u00e9flexe grand public est souvent de parfumer. C\u2019est une fuite en avant : une odeur masqu\u00e9e n\u2019est pas une source supprim\u00e9e. Les <strong>Risques sanitaires<\/strong> se jouent justement sur ce qui reste pr\u00e9sent malgr\u00e9 le parfum.<\/p>\n\n<p class=\"wp-block-paragraph\">Pour r\u00e9duire la charge, mieux vaut agir comme \u00e0 l\u2019atelier : identifier l\u2019\u00e9metteur, le remplacer ou le contenir, puis assurer une extraction constante. La suite logique est donc la m\u00e9thode : comment reprendre la main, pi\u00e8ce par pi\u00e8ce, sans se ruiner ni se compliquer la vie.<\/p>\n\n<p class=\"wp-block-paragraph\">Pour aller plus loin sur le r\u00f4le de l\u2019enveloppe et des parois dans le confort, un d\u00e9tour utile existe via <a href=\"https:\/\/modulobois.fr\/blog\/terrasse-exterieur\/isolation-phonique-murs\/\">l\u2019isolation phonique des murs<\/a> : les m\u00eames principes de continuit\u00e9 et de traitement des \u201cfuites\u201d s\u2019observent aussi dans la circulation de l\u2019air et des odeurs.<\/p>\n\n<figure class=\"is-provider-youtube is-type-video wp-block-embed wp-block-embed-youtube wp-embed-aspect-16-9 wp-has-aspect-ratio\"><div class=\"wp-block-embed__wrapper\">\n<iframe loading=\"lazy\" title=\"Qualit\u00e9 de l&amp;apos;air int\u00e9rieur : S&amp;apos;informer et comprendre avec des experts\" width=\"500\" height=\"281\" src=\"https:\/\/www.youtube.com\/embed\/x384rOAgK7k?feature=oembed\" frameborder=\"0\" allow=\"accelerometer; autoplay; clipboard-write; encrypted-media; gyroscope; picture-in-picture; web-share\" referrerpolicy=\"strict-origin-when-cross-origin\" allowfullscreen><\/iframe>\n<\/div><\/figure>\n\n<h2 class=\"wp-block-heading\"><span class=\"ez-toc-section\" id=\"Ventilation_efficace_la_methode_simple_qui_change_vraiment_lair_interieur\"><\/span>Ventilation efficace : la m\u00e9thode simple qui change vraiment l\u2019air int\u00e9rieur<span class=\"ez-toc-section-end\"><\/span><\/h2>\n\n<p class=\"wp-block-paragraph\">Le c\u0153ur du sujet tient en une phrase : sans <strong>Ventilation<\/strong>, un logement moderne retient ce qu\u2019il produit. Les meilleures peintures \u201cfaibles \u00e9missions\u201d et les meubles bien choisis ne suffisent pas si l\u2019air stagne, surtout dans les pi\u00e8ces humides et la cuisine. \u00c0 l\u2019inverse, une ventilation correcte peut compenser une partie des \u00e9missions in\u00e9vitables de la vie quotidienne.<\/p>\n\n<h3 class=\"wp-block-heading\">A\u00e9rer, ce n\u2019est pas ventiler : comment combiner les deux<\/h3>\n\n<p class=\"wp-block-paragraph\">A\u00e9rer, c\u2019est ouvrir les fen\u00eatres. Ventiler, c\u2019est organiser un renouvellement r\u00e9gulier et ma\u00eetris\u00e9, id\u00e9alement continu. L\u2019a\u00e9ration reste un geste utile : quelques minutes, plusieurs fois par jour, en cr\u00e9ant un courant d\u2019air bref. Mais elle ne remplace pas une extraction constante, surtout l\u2019hiver quand l\u2019ouverture se fait plus rare.<\/p>\n\n<p class=\"wp-block-paragraph\">Dans les faits, beaucoup de logements reposent sur une VMC (simple flux le plus souvent). Elle fait le job si elle est entretenue et si l\u2019air peut entrer par les entr\u00e9es pr\u00e9vues. D\u00e8s qu\u2019un occupant bouche une grille \u201cparce que \u00e7a refroidit\u201d, tout se d\u00e9r\u00e8gle : l\u2019air ne circule plus comme pr\u00e9vu, l\u2019humidit\u00e9 s\u2019accroche, les odeurs migrent, et la <strong>pollution invisible<\/strong> s\u2019installe.<\/p>\n\n<h3 class=\"wp-block-heading\">Checklist d\u2019entretien VMC et entr\u00e9es d\u2019air (\u00e0 faire sans mat\u00e9riel exotique)<\/h3>\n\n<ul class=\"wp-block-list\"><li><strong>Ne pas obstruer<\/strong> les entr\u00e9es d\u2019air des menuiseries : c\u2019est la base du flux.<\/li><li>Nettoyer r\u00e9guli\u00e8rement les <strong>bouches d\u2019extraction<\/strong> (cuisine, WC, salle de bains) : une bouche grasse ou poussi\u00e9reuse perd en d\u00e9bit.<\/li><li>V\u00e9rifier les <strong>portes int\u00e9rieures<\/strong> : un petit d\u00e9talonnage (jour sous la porte) facilite la circulation vers les pi\u00e8ces d\u2019extraction.<\/li><li>Surveiller les signes d\u2019alerte : <strong>condensation<\/strong> r\u00e9currente, odeurs qui persistent, papier toilette \u201caspir\u00e9\u201d ou non au niveau d\u2019une bouche (test simple, sans valeur de mesure).<\/li><\/ul>\n\n<p class=\"wp-block-paragraph\">Cette liste para\u00eet basique, mais elle r\u00e8gle une grande part des situations du quotidien. Le bon indicateur, lui, n\u2019est pas l\u2019odeur \u201cpropre\u201d, mais la disparition des sympt\u00f4mes et la baisse de la condensation dans le temps.<\/p>\n\n<h3 class=\"wp-block-heading\">Le CO\u2082 comme indicateur de confinement : utile, mais \u00e0 sa juste place<\/h3>\n\n<p class=\"wp-block-paragraph\">Dans les \u00e9coles, le <strong>CO\u2082<\/strong> sert de rep\u00e8re : quand il grimpe, c\u2019est que l\u2019air est trop \u201cre-respir\u00e9\u201d, donc que le renouvellement est insuffisant. \u00c0 la maison, un petit capteur peut aider \u00e0 objectiver un ressenti : \u201c\u00e7a pique\u201d ou \u201c\u00e7a sent\u201d ne suffit pas toujours \u00e0 d\u00e9cider d\u2019ouvrir. Le CO\u2082, lui, donne un signal simple pour a\u00e9rer au bon moment.<\/p>\n\n<p class=\"wp-block-paragraph\">Attention cependant : un capteur CO\u2082 ne mesure pas les COV, ni les particules fines, ni le radon. Il indique surtout si l\u2019on manque d\u2019air neuf. C\u2019est un thermom\u00e8tre de confinement, pas un d\u00e9tecteur universel de <strong>Risques sanitaires<\/strong>.<\/p>\n\n<p class=\"wp-block-paragraph\">Un point souvent oubli\u00e9 dans les logements r\u00e9nov\u00e9s : les bons gestes d\u2019hiver. Les rideaux trop plaqu\u00e9s sur les entr\u00e9es d\u2019air ou les radiateurs peuvent g\u00eaner la circulation et favoriser condensation et moisissures. \u00c0 ce sujet, <a href=\"https:\/\/modulobois.fr\/blog\/terrasse-exterieur\/erreur-rideaux-hiver-energy\/\">une erreur fr\u00e9quente avec les rideaux en hiver<\/a> illustre bien comment une intention \u201c\u00e9conomies de chauffage\u201d peut d\u00e9grader le confort global.<\/p>\n\n<p class=\"wp-block-paragraph\">Une fois la ventilation remise d\u2019aplomb, le chantier suivant devient logique : r\u00e9duire ce qui pollue \u00e0 la source, notamment c\u00f4t\u00e9 mat\u00e9riaux et finitions, l\u00e0 o\u00f9 la maison \u201cfabrique\u201d une partie de son air.<\/p>\n\n<figure class=\"is-provider-youtube is-type-video wp-block-embed wp-block-embed-youtube wp-embed-aspect-16-9 wp-has-aspect-ratio\"><div class=\"wp-block-embed__wrapper\">\n<iframe loading=\"lazy\" title=\"Impacts sur la sant\u00e9 et qualit\u00e9 de l\u2019air int\u00e9rieur \u2013 Mutualit\u00e9 Fran\u00e7aise Pays de la Loire\" width=\"500\" height=\"281\" src=\"https:\/\/www.youtube.com\/embed\/me3LLOsmZmI?feature=oembed\" frameborder=\"0\" allow=\"accelerometer; autoplay; clipboard-write; encrypted-media; gyroscope; picture-in-picture; web-share\" referrerpolicy=\"strict-origin-when-cross-origin\" allowfullscreen><\/iframe>\n<\/div><\/figure>\n\n<h2 class=\"wp-block-heading\"><span class=\"ez-toc-section\" id=\"Materiaux_finitions_meubles_choisir_sans_greenwashing_pour_limiter_les_risques_sanitaires\"><\/span>Mat\u00e9riaux, finitions, meubles : choisir sans greenwashing pour limiter les risques sanitaires<span class=\"ez-toc-section-end\"><\/span><\/h2>\n\n<p class=\"wp-block-paragraph\">Dans un int\u00e9rieur, les mat\u00e9riaux ne sont pas neutres. Ils peuvent \u00e9mettre des substances, surtout au d\u00e9but de leur vie, et parfois longtemps \u00e0 bas bruit. L\u2019objectif n\u2019est pas de vivre dans une maison \u201cst\u00e9rile\u201d, mais de choisir des solutions coh\u00e9rentes : moins d\u2019\u00e9missions inutiles, et une mise en \u0153uvre qui \u00e9vite d\u2019enfermer l\u2019humidit\u00e9.<\/p>\n\n<h3 class=\"wp-block-heading\">Apr\u00e8s travaux : la p\u00e9riode \u00e0 surveiller et les r\u00e9flexes qui comptent<\/h3>\n\n<p class=\"wp-block-paragraph\">Peintures, vernis, colles, enduits, sols, mobilier neuf : tout cela peut lib\u00e9rer des COV. Une r\u00e8gle simple vaut plus qu\u2019un slogan : pendant les semaines qui suivent un chantier, la <strong>Ventilation<\/strong> doit tourner correctement, et l\u2019a\u00e9ration doit \u00eatre plus fr\u00e9quente, m\u00eame s\u2019il fait froid. Un logement \u201cqui sent le neuf\u201d n\u2019est pas une preuve de qualit\u00e9 ; c\u2019est souvent la preuve qu\u2019il \u00e9met.<\/p>\n\n<p class=\"wp-block-paragraph\">Dans les chambres d\u2019enfants, la vigilance se comprend : ce sont des pi\u00e8ces o\u00f9 l\u2019on passe beaucoup de temps, fen\u00eatres ferm\u00e9es la nuit. R\u00e9duire les sources (d\u00e9sodorisants, sprays, bougies), choisir des meubles moins \u00e9missifs, et \u00e9viter de tout installer la veille d\u2019une rentr\u00e9e sont des gestes plus efficaces qu\u2019un purificateur pos\u00e9 au hasard.<\/p>\n\n<h3 class=\"wp-block-heading\">Bois et panneaux : ce qu\u2019il faut regarder (sans caricature)<\/h3>\n\n<p class=\"wp-block-paragraph\">Le bois massif, bien fini, est rarement le probl\u00e8me. Les points d\u2019attention viennent plut\u00f4t des panneaux reconstitu\u00e9s (certaines colles), des finitions filmog\u00e8nes pos\u00e9es en milieu peu ventil\u00e9, et des produits de traitement inadapt\u00e9s \u00e0 l\u2019usage int\u00e9rieur. L\u00e0 encore, il ne s\u2019agit pas de diaboliser : il s\u2019agit d\u2019acheter en connaissance de cause et d\u2019\u00e9viter les \u00e9missions gratuites.<\/p>\n\n<p class=\"wp-block-paragraph\">Pour les ouvrages ext\u00e9rieurs (terrasse, bardage, abri), le choix des produits de protection joue aussi sur ce qui rentre ensuite dans le logement par les v\u00eatements, les mains, l\u2019air qui circule. Un comparatif utile existe sur <a href=\"https:\/\/modulobois.fr\/blog\/terrasse-exterieur\/saturateur-lasure-huile-peinture\/\">saturateur, lasure, huile ou peinture<\/a> : le bon produit n\u2019est pas celui qui \u201csent fort\u201d, mais celui qui correspond \u00e0 l\u2019usage, \u00e0 l\u2019essence, et \u00e0 la fr\u00e9quence d\u2019entretien r\u00e9aliste.<\/p>\n\n<h3 class=\"wp-block-heading\">Humidit\u00e9 et moisissures : le vrai signal d\u2019alarme<\/h3>\n\n<p class=\"wp-block-paragraph\">Les <strong>moisissures visibles<\/strong> ne sont pas qu\u2019un d\u00e9faut esth\u00e9tique. Elles indiquent un d\u00e9s\u00e9quilibre durable : trop d\u2019humidit\u00e9 produite, pas assez extraite, ou des parois trop froides. Les impacts possibles sur la <strong>Sant\u00e9<\/strong> vont de l\u2019irritation \u00e0 l\u2019aggravation de troubles respiratoires chez les personnes sensibles.<\/p>\n\n<p class=\"wp-block-paragraph\">Dans la pratique, un protocole simple aide : supprimer la source d\u2019humidit\u00e9 (fuite, s\u00e9chage du linge, douche sans extraction), r\u00e9tablir le flux d\u2019air, traiter la zone touch\u00e9e, puis observer si le probl\u00e8me revient. Si \u00e7a revient, c\u2019est que la cause n\u2019est pas r\u00e9gl\u00e9e. Cette logique \u201ccause-effet\u201d \u00e9vite de repeindre trois fois le m\u00eame mur.<\/p>\n\n<h3 class=\"wp-block-heading\">Plantes d\u00e9polluantes : l\u2019appoint sympa, pas la solution<\/h3>\n\n<p class=\"wp-block-paragraph\">Les plantes ont leur int\u00e9r\u00eat pour le <strong>Bien-\u00eatre<\/strong>, l\u2019ambiance et m\u00eame un petit effet sur certains compos\u00e9s. La <strong>Zamioculcas zamiifolia<\/strong> (plante ZZ), souvent cit\u00e9e, peut absorber une fraction de formald\u00e9hyde ou de benz\u00e8ne dans certaines conditions. Mais elle ne remplacera jamais une ventilation correcte ni la r\u00e9duction des sources.<\/p>\n\n<p class=\"wp-block-paragraph\">La bonne place des plantes, c\u2019est l\u2019appoint : elles n\u2019excusent pas une VMC encrass\u00e9e, pas plus qu\u2019un joli bardage n\u2019excuse une lame d\u2019air oubli\u00e9e. Pour terminer sur un geste concret, la priorit\u00e9 reste simple : <strong>mettre la ventilation en \u00e9tat de marche, puis \u00e9liminer les \u00e9metteurs \u00e9vitables<\/strong>.<\/p>\n\n\n<h3>Comment savoir si l\u2019air int\u00e9rieur est \u201cconfin\u00e9\u201d sans laboratoire ?<\/h3>\n<p>Un capteur de CO\u2082 donne un bon indicateur de confinement (air trop re-respir\u00e9), utile pour d\u00e9cider d\u2019a\u00e9rer. Il ne mesure pas les COV, les particules fines ou le radon, mais il aide \u00e0 v\u00e9rifier si le renouvellement d\u2019air est suffisant au quotidien.<\/p>\n<h3>Pourquoi l\u2019air int\u00e9rieur peut-il \u00eatre plus pollu\u00e9 que l\u2019air ext\u00e9rieur ?<\/h3>\n<p>Parce que le logement poss\u00e8de ses propres sources (cuisson, chauffage, produits d\u2019entretien, mat\u00e9riaux, mobilier) et que, si la ventilation est insuffisante, ces polluants s\u2019accumulent. L\u2019\u00e9tanch\u00e9it\u00e9 des r\u00e9novations am\u00e9liore le confort thermique, mais peut augmenter la concentration de pollution invisible si l\u2019extraction n\u2019est pas au niveau.<\/p>\n<h3>Les plantes d\u00e9polluantes suffisent-elles \u00e0 am\u00e9liorer la qualit\u00e9 de l\u2019air int\u00e9rieur ?<\/h3>\n<p>Non. Certaines plantes (comme la ZZ) peuvent contribuer marginalement, mais l\u2019effet reste faible face aux \u00e9missions domestiques. La strat\u00e9gie efficace combine d\u2019abord la ventilation, ensuite la r\u00e9duction des sources (produits parfum\u00e9s, fum\u00e9e, mat\u00e9riaux tr\u00e8s \u00e9missifs), et enfin des compl\u00e9ments \u00e9ventuels.<\/p>\n<h3>Quels sont les signes concrets d\u2019un probl\u00e8me d\u2019air int\u00e9rieur li\u00e9 \u00e0 l\u2019humidit\u00e9 ?<\/h3>\n<p>Condensation fr\u00e9quente sur les vitres, odeur de renferm\u00e9, taches noires dans la salle de bains, papier peint qui se d\u00e9colle, linge qui s\u00e8che mal. Ces signaux indiquent souvent un d\u00e9faut de ventilation ou une production d\u2019humidit\u00e9 trop importante par rapport \u00e0 l\u2019extraction.<\/p>\n\n","protected":false},"excerpt":{"rendered":"<p>En bref Fermer la porte ne coupe pas tout : l\u2019Air int\u00e9rieur concentre souvent ce que le logement fabrique, retient et recycle. Et comme cette pollution invisible ne se voit pas, elle s\u2019installe sans bruit dans le quotidien. Peu de temps ? Voil\u00e0 ce qu&rsquo;il faut retenir : Point cl\u00e9 #1 : viser d\u2019abord le [&hellip;]<\/p>\n","protected":false},"author":1,"featured_media":504,"comment_status":"open","ping_status":"closed","sticky":false,"template":"","format":"standard","meta":{"footnotes":""},"categories":[19],"tags":[],"class_list":["post-207","post","type-post","status-publish","format-standard","has-post-thumbnail","hentry","category-actualites"],"_links":{"self":[{"href":"https:\/\/modulobois.fr\/blog\/wp-json\/wp\/v2\/posts\/207","targetHints":{"allow":["GET"]}}],"collection":[{"href":"https:\/\/modulobois.fr\/blog\/wp-json\/wp\/v2\/posts"}],"about":[{"href":"https:\/\/modulobois.fr\/blog\/wp-json\/wp\/v2\/types\/post"}],"author":[{"embeddable":true,"href":"https:\/\/modulobois.fr\/blog\/wp-json\/wp\/v2\/users\/1"}],"replies":[{"embeddable":true,"href":"https:\/\/modulobois.fr\/blog\/wp-json\/wp\/v2\/comments?post=207"}],"version-history":[{"count":2,"href":"https:\/\/modulobois.fr\/blog\/wp-json\/wp\/v2\/posts\/207\/revisions"}],"predecessor-version":[{"id":507,"href":"https:\/\/modulobois.fr\/blog\/wp-json\/wp\/v2\/posts\/207\/revisions\/507"}],"wp:featuredmedia":[{"embeddable":true,"href":"https:\/\/modulobois.fr\/blog\/wp-json\/wp\/v2\/media\/504"}],"wp:attachment":[{"href":"https:\/\/modulobois.fr\/blog\/wp-json\/wp\/v2\/media?parent=207"}],"wp:term":[{"taxonomy":"category","embeddable":true,"href":"https:\/\/modulobois.fr\/blog\/wp-json\/wp\/v2\/categories?post=207"},{"taxonomy":"post_tag","embeddable":true,"href":"https:\/\/modulobois.fr\/blog\/wp-json\/wp\/v2\/tags?post=207"}],"curies":[{"name":"wp","href":"https:\/\/api.w.org\/{rel}","templated":true}]}}