{"id":196,"date":"2026-07-31T10:06:52","date_gmt":"2026-07-31T10:06:52","guid":{"rendered":"https:\/\/modulobois.fr\/blog\/terrasse-exterieur\/tresor-cote-albatre\/"},"modified":"2026-07-31T11:09:35","modified_gmt":"2026-07-31T11:09:35","slug":"tresor-cote-albatre","status":"publish","type":"post","link":"https:\/\/modulobois.fr\/blog\/terrasse-exterieur\/tresor-cote-albatre\/","title":{"rendered":"Ce tr\u00e9sor de la C\u00f4te d&rsquo;Alb\u00e2tre, joyau des plus beaux villages de France, a charm\u00e9 Victor Hugo"},"content":{"rendered":"<p class=\"wp-block-paragraph\"><strong>En bref<\/strong><\/p>\n\n<ul class=\"wp-block-list\"><li><strong>Veules-les-Roses<\/strong> concentre l\u2019esprit de la <strong>C\u00f4te d&rsquo;Alb\u00e2tre<\/strong> : falaises de craie, verdure, ruelles serr\u00e9es et air iod\u00e9.<\/li><li>Class\u00e9 parmi les <strong>plus beaux villages de France<\/strong> depuis <strong>2017<\/strong>, ce <strong>village<\/strong> d\u2019environ <strong>500 habitants<\/strong> garde un \u00e9quilibre fragile entre vie locale et <strong>tourisme<\/strong>.<\/li><li>La <strong>Veules<\/strong>, r\u00e9put\u00e9e comme le <strong>plus petit fleuve de France<\/strong>, dessine une promenade facile, ponctu\u00e9e de moulins et de passerelles.<\/li><li>Le lieu a ce <strong>charme<\/strong> qui retient les \u00e9crivains : <strong>Victor Hugo<\/strong> y s\u00e9journa avec Paul Meurice, et une st\u00e8le le rappelle.<\/li><li>\u00c0 ne pas rater : l\u2019\u00e9glise <strong>Saint-Martin<\/strong>, les sentiers vers les falaises, et la d\u00e9gustation d\u2019une hu\u00eetre <strong>\u201cVeulaise\u201d<\/strong>.<\/li><\/ul>\n\n<p class=\"wp-block-paragraph\">Sur la <strong>C\u00f4te d&rsquo;Alb\u00e2tre<\/strong>, certains paysages font l\u2019effet d\u2019un coup de rabot net : une ligne claire, un contraste franc, et tout devient lisible. Veules-les-Roses, <strong>tr\u00e9sor<\/strong> discret nich\u00e9 au creux des falaises, fait partie de ces endroits qui s\u2019imposent sans forcer.<\/p>\n\n<figure class=\"wp-block-table\"><table>\n<thead>\n<tr>\n<th><strong>Peu de temps ? Voil\u00e0 ce qu&rsquo;il faut retenir :<\/strong><\/th>\n<\/tr>\n<\/thead>\n<tbody>\n<tr>\n<td><strong>\u00c0 viser<\/strong> : une balade le long de la <strong>Veules<\/strong> (moulins, passerelles, jardins), puis mont\u00e9e vers les falaises pour la vue sur la Manche.<\/td>\n<\/tr>\n<tr>\n<td><strong>\u00c0 comprendre<\/strong> : le classement <strong>plus beaux villages de France<\/strong> (2017) a dop\u00e9 la fr\u00e9quentation ; mieux vaut venir t\u00f4t ou en semaine pour pr\u00e9server le calme.<\/td>\n<\/tr>\n<tr>\n<td><strong>Erreur classique<\/strong> : rester \u201cau bord de mer\u201d uniquement ; le vrai <strong>charme<\/strong> se r\u00e9v\u00e8le dans les ruelles, le <strong>patrimoine<\/strong> b\u00e2ti et les chemins creux.<\/td>\n<\/tr>\n<tr>\n<td><strong>Bonus utile<\/strong> : pr\u00e9voir une pause d\u00e9gustation (hu\u00eetre <strong>Veulaise<\/strong>) et un coupe-vent ; sur les falaises, le temps change vite.<\/td>\n<\/tr>\n<\/tbody>\n<\/table><\/figure>\n\n<div id=\"ez-toc-container\" class=\"ez-toc-v2_0_87 counter-hierarchy ez-toc-counter ez-toc-grey ez-toc-container-direction\">\n<div class=\"ez-toc-title-container\">\n<p class=\"ez-toc-title\" style=\"cursor:inherit\">Sommaire<\/p>\n<span class=\"ez-toc-title-toggle\"><a href=\"#\" class=\"ez-toc-pull-right ez-toc-btn ez-toc-btn-xs ez-toc-btn-default ez-toc-toggle\" aria-label=\"Toggle Table of Content\"><span class=\"ez-toc-js-icon-con\"><span class=\"\"><span class=\"eztoc-hide\" style=\"display:none;\">Toggle<\/span><span class=\"ez-toc-icon-toggle-span\"><svg style=\"fill: #999;color:#999\" xmlns=\"http:\/\/www.w3.org\/2000\/svg\" class=\"list-377408\" width=\"20px\" height=\"20px\" viewBox=\"0 0 24 24\" fill=\"none\"><path d=\"M6 6H4v2h2V6zm14 0H8v2h12V6zM4 11h2v2H4v-2zm16 0H8v2h12v-2zM4 16h2v2H4v-2zm16 0H8v2h12v-2z\" fill=\"currentColor\"><\/path><\/svg><svg style=\"fill: #999;color:#999\" class=\"arrow-unsorted-368013\" xmlns=\"http:\/\/www.w3.org\/2000\/svg\" width=\"10px\" height=\"10px\" viewBox=\"0 0 24 24\" version=\"1.2\" baseProfile=\"tiny\"><path d=\"M18.2 9.3l-6.2-6.3-6.2 6.3c-.2.2-.3.4-.3.7s.1.5.3.7c.2.2.4.3.7.3h11c.3 0 .5-.1.7-.3.2-.2.3-.5.3-.7s-.1-.5-.3-.7zM5.8 14.7l6.2 6.3 6.2-6.3c.2-.2.3-.5.3-.7s-.1-.5-.3-.7c-.2-.2-.4-.3-.7-.3h-11c-.3 0-.5.1-.7.3-.2.2-.3.5-.3.7s.1.5.3.7z\"\/><\/svg><\/span><\/span><\/span><\/a><\/span><\/div>\n<nav><ul class='ez-toc-list ez-toc-list-level-1 eztoc-toggle-hide-by-default' ><li class='ez-toc-page-1 ez-toc-heading-level-2'><a class=\"ez-toc-link ez-toc-heading-1\" href=\"https:\/\/modulobois.fr\/blog\/terrasse-exterieur\/tresor-cote-albatre\/#Veules-les-Roses_tresor_de_la_Cote_dAlbatre_pourquoi_ce_village_marque_des_larrivee\" >Veules-les-Roses, tr\u00e9sor de la C\u00f4te d&rsquo;Alb\u00e2tre : pourquoi ce village marque d\u00e8s l\u2019arriv\u00e9e<\/a><\/li><li class='ez-toc-page-1 ez-toc-heading-level-2'><a class=\"ez-toc-link ez-toc-heading-2\" href=\"https:\/\/modulobois.fr\/blog\/terrasse-exterieur\/tresor-cote-albatre\/#Patrimoine_preserve_et_plus_beaux_villages_de_France_ce_que_le_classement_change_vraiment\" >Patrimoine pr\u00e9serv\u00e9 et plus beaux villages de France : ce que le classement change vraiment<\/a><\/li><li class='ez-toc-page-1 ez-toc-heading-level-2'><a class=\"ez-toc-link ez-toc-heading-3\" href=\"https:\/\/modulobois.fr\/blog\/terrasse-exterieur\/tresor-cote-albatre\/#Balades_nature_entre_Veules_et_falaises_sentiers_panoramas_et_bon_sens_face_au_vent\" >Balades nature entre Veules et falaises : sentiers, panoramas et bon sens face au vent<\/a><\/li><li class='ez-toc-page-1 ez-toc-heading-level-2'><a class=\"ez-toc-link ez-toc-heading-4\" href=\"https:\/\/modulobois.fr\/blog\/terrasse-exterieur\/tresor-cote-albatre\/#Victor_Hugo_a_Veules-les-Roses_un_charme_decrivains_et_un_village_qui_raconte\" >Victor Hugo \u00e0 Veules-les-Roses : un charme d\u2019\u00e9crivains et un village qui raconte<\/a><\/li><li class='ez-toc-page-1 ez-toc-heading-level-2'><a class=\"ez-toc-link ez-toc-heading-5\" href=\"https:\/\/modulobois.fr\/blog\/terrasse-exterieur\/tresor-cote-albatre\/#Saveurs_locales_%E2%80%9CVeulaise%E2%80%9D_et_tourisme_raisonne_profiter_sans_abimer_le_joyau\" >Saveurs locales, \u201cVeulaise\u201d et tourisme raisonn\u00e9 : profiter sans ab\u00eemer le joyau<\/a><\/li><\/ul><\/nav><\/div>\n<h2 class=\"wp-block-heading\"><span class=\"ez-toc-section\" id=\"Veules-les-Roses_tresor_de_la_Cote_dAlbatre_pourquoi_ce_village_marque_des_larrivee\"><\/span>Veules-les-Roses, tr\u00e9sor de la C\u00f4te d&rsquo;Alb\u00e2tre : pourquoi ce village marque d\u00e8s l\u2019arriv\u00e9e<span class=\"ez-toc-section-end\"><\/span><\/h2>\n\n<p class=\"wp-block-paragraph\">\u00c0 environ <strong>200 km de Paris<\/strong> et \u00e0 <strong>une heure de Rouen<\/strong>, Veules-les-Roses se rejoint sans exp\u00e9dition compliqu\u00e9e. Cette accessibilit\u00e9 explique en partie pourquoi, \u00e0 l\u2019approche d\u2019un long week-end comme P\u00e2ques, le <strong>tourisme<\/strong> y grimpe vite : la destination coche la case \u201cd\u00e9connexion\u201d sans sacrifier le confort d\u2019un trajet raisonnable.<\/p>\n\n<p class=\"wp-block-paragraph\">Ce qui frappe d\u2019embl\u00e9e, c\u2019est la nettet\u00e9 du d\u00e9cor. D\u2019un c\u00f4t\u00e9, les <strong>falaises de craie<\/strong> typiques de la C\u00f4te d&rsquo;Alb\u00e2tre : blanches, verticales, parfois stri\u00e9es, comme si le temps avait ponc\u00e9 la mati\u00e8re. De l\u2019autre, des <strong>\u00e9tendues verdoyantes<\/strong> et un fond de vall\u00e9e plus doux, o\u00f9 l\u2019on passe en quelques pas d\u2019une ambiance marine \u00e0 une sensation de campagne.<\/p>\n\n<p class=\"wp-block-paragraph\">Le contraste fonctionne parce qu\u2019il est \u201c\u00e0 taille humaine\u201d. Ici, pas besoin de rouler des heures pour changer de paysage : une ruelle, un petit pont, un sentier, et la perspective bascule. Pour illustrer, une famille qui arrive un samedi matin peut commencer par longer la Veules au calme, et se retrouver, une demi-heure plus tard, face \u00e0 la Manche, les cheveux pris par le vent, comme sur un promontoire d\u2019atelier o\u00f9 l\u2019on prend du recul avant d\u2019ajuster une coupe.<\/p>\n\n<h3 class=\"wp-block-heading\">Un joyau qui tient \u00e0 ses d\u00e9tails : eau, pierre, v\u00e9g\u00e9tal<\/h3>\n\n<p class=\"wp-block-paragraph\">Veules-les-Roses est travers\u00e9 par la <strong>Veules<\/strong>, souvent pr\u00e9sent\u00e9e comme le <strong>plus petit fleuve de France<\/strong>. L\u2019expression est connue, mais l\u2019int\u00e9r\u00eat est ailleurs : ce filet d\u2019eau structure la promenade, refroidit l\u2019air l\u2019\u00e9t\u00e9, et donne au village un bruit de fond vivant. Quand les pas ralentissent, le clapot devient un vrai rep\u00e8re, comme un niveau \u00e0 bulle sonore.<\/p>\n\n<p class=\"wp-block-paragraph\">Le v\u00e9g\u00e9tal, lui, prend le relais au printemps. Les ruelles se colorent, les fa\u00e7ades se font oublier derri\u00e8re les massifs et les murs fleuris. Le r\u00e9sultat n\u2019est pas d\u00e9coratif au sens \u201ccarte postale\u201d : il rend l\u2019ensemble accueillant, habit\u00e9, et explique ce <strong>charme<\/strong> qui d\u00e9passe le simple panorama.<\/p>\n\n<h3 class=\"wp-block-heading\">L\u2019erreur classique : croire que tout se joue au point de vue<\/h3>\n\n<p class=\"wp-block-paragraph\">Beaucoup viennent \u201cpour la falaise\u201d et repartent avec la photo attendue, sans avoir pris le temps de comprendre le lieu. Or ce <strong>joyau<\/strong> se lit dans la continuit\u00e9 : le cours d\u2019eau, les passages \u00e9troits, les jardins, puis l\u2019ouverture vers la mer. La marche raconte une histoire, et c\u2019est cette progression qui donne du relief \u00e0 la visite.<\/p>\n\n<p class=\"wp-block-paragraph\">Apr\u00e8s ce premier contact, la suite logique consiste \u00e0 regarder ce qui tient debout depuis longtemps : le <strong>patrimoine<\/strong> b\u00e2ti et les traces d\u2019usages anciens.<\/p>\n\n\n\n<figure class=\"wp-block-image size-large\"><img loading=\"lazy\" decoding=\"async\" width=\"1536\" height=\"1024\" src=\"https:\/\/modulobois.fr\/blog\/wp-content\/uploads\/2026\/07\/ce-trsor-de-la-cte-dalbtre-joyau-des-plus-beaux-villages-de-france-a-c-illustration.jpg\" alt=\"Ce tr\u00e9sor de la C\u00f4te d\u2019Alb\u00e2tre, joyau des plus beaux villages de France, a charm\u00e9\" class=\"wp-image-252\" srcset=\"https:\/\/modulobois.fr\/blog\/wp-content\/uploads\/2026\/07\/ce-trsor-de-la-cte-dalbtre-joyau-des-plus-beaux-villages-de-france-a-c-illustration.jpg 1536w, https:\/\/modulobois.fr\/blog\/wp-content\/uploads\/2026\/07\/ce-trsor-de-la-cte-dalbtre-joyau-des-plus-beaux-villages-de-france-a-c-illustration-300x200.jpg 300w, https:\/\/modulobois.fr\/blog\/wp-content\/uploads\/2026\/07\/ce-trsor-de-la-cte-dalbtre-joyau-des-plus-beaux-villages-de-france-a-c-illustration-1024x683.jpg 1024w, https:\/\/modulobois.fr\/blog\/wp-content\/uploads\/2026\/07\/ce-trsor-de-la-cte-dalbtre-joyau-des-plus-beaux-villages-de-france-a-c-illustration-768x512.jpg 768w\" sizes=\"auto, (max-width: 1536px) 100vw, 1536px\" \/><\/figure>\n\n<h2 class=\"wp-block-heading\"><span class=\"ez-toc-section\" id=\"Patrimoine_preserve_et_plus_beaux_villages_de_France_ce_que_le_classement_change_vraiment\"><\/span>Patrimoine pr\u00e9serv\u00e9 et plus beaux villages de France : ce que le classement change vraiment<span class=\"ez-toc-section-end\"><\/span><\/h2>\n\n<p class=\"wp-block-paragraph\">Le classement parmi les <strong>plus beaux villages de France<\/strong> obtenu en <strong>2017<\/strong> ne se r\u00e9sume pas \u00e0 un label pos\u00e9 sur un panneau. Il a servi de projecteur. Depuis, la fr\u00e9quentation augmente, parfois fortement selon la saison, et cela pose une question simple : comment rester authentique quand le <strong>tourisme<\/strong> devient un moteur \u00e9conomique ?<\/p>\n\n<p class=\"wp-block-paragraph\">Veules-les-Roses a un atout : une \u00e9chelle qui impose naturellement le respect. Les rues ne sont pas faites pour absorber des flux massifs. Les stationnements sont compt\u00e9s, les cheminements \u00e9troits, et la vie du village ne peut pas \u00eatre \u201cmise en sc\u00e8ne\u201d sans se voir. R\u00e9sultat, l\u2019exp\u00e9rience se m\u00e9rite un peu : venir t\u00f4t, marcher davantage, accepter de ne pas tout faire en voiture.<\/p>\n\n<h3 class=\"wp-block-heading\">Maisons \u00e0 colombages, chaumi\u00e8res et moulins : une lecture \u00e0 hauteur de fa\u00e7ade<\/h3>\n\n<p class=\"wp-block-paragraph\">Le <strong>patrimoine<\/strong> local se voit dans les habitations anciennes, avec des <strong>maisons \u00e0 colombages<\/strong> et des <strong>chaumi\u00e8res<\/strong> qui \u00e9voquent encore le Moyen \u00c2ge. Pour un \u0153il habitu\u00e9 aux mat\u00e9riaux, c\u2019est une le\u00e7on simple : les b\u00e2timents durent quand ils respirent. Les assemblages, les d\u00e9bords de toiture, les enduits, tout r\u00e9pond \u00e0 une logique de climat humide et venteux.<\/p>\n\n<p class=\"wp-block-paragraph\">Les <strong>moulins \u00e0 eau<\/strong> sont une autre trace d\u2019intelligence pratique. Ils rappellent que la Veules n\u2019est pas qu\u2019un \u00e9l\u00e9ment de d\u00e9cor : elle a port\u00e9 des usages, fourni de l\u2019\u00e9nergie, structur\u00e9 des activit\u00e9s. Une balade qui rep\u00e8re ces moulins transforme la promenade en visite \u201cactive\u201d : le regard cherche des indices, compare, comprend.<\/p>\n\n<h3 class=\"wp-block-heading\">Tableau pratique : organiser une visite sans subir la foule<\/h3>\n\n<p class=\"wp-block-paragraph\">Pour rendre la sortie plus confortable, quelques choix concrets font la diff\u00e9rence, surtout lors des week-ends tr\u00e8s demand\u00e9s.<\/p>\n\n<figure class=\"wp-block-table\"><table>\n<thead>\n<tr>\n<th>Moment<\/th>\n<th>Ce qui fonctionne le mieux<\/th>\n<th>Ce qu\u2019on \u00e9vite<\/th>\n<\/tr>\n<\/thead>\n<tbody>\n<tr>\n<td>T\u00f4t le matin<\/td>\n<td>Ruelles calmes, photos propres, \u00e9coute de la Veules<\/td>\n<td>Attente pour se garer<\/td>\n<\/tr>\n<tr>\n<td>Milieu de journ\u00e9e<\/td>\n<td>\u00c9glise Saint-Martin, pause d\u00e9jeuner, commerces<\/td>\n<td>Monter aux falaises aux heures les plus fr\u00e9quent\u00e9es<\/td>\n<\/tr>\n<tr>\n<td>Fin d\u2019apr\u00e8s-midi<\/td>\n<td>Sentiers vers les points de vue, lumi\u00e8re plus douce<\/td>\n<td>Tra\u00eener sans coupe-vent : le vent se l\u00e8ve vite<\/td>\n<\/tr>\n<tr>\n<td>En semaine (hors vacances)<\/td>\n<td>Ambiance locale, discussions, rythme plus pos\u00e9<\/td>\n<td>Se limiter aux spots \u201cr\u00e9seaux\u201d<\/td>\n<\/tr>\n<\/tbody>\n<\/table><\/figure>\n\n<p class=\"wp-block-paragraph\">La suite naturelle, une fois le village compris \u201cau sol\u201d, consiste \u00e0 suivre l\u2019eau, puis \u00e0 grimper : la <strong>nature<\/strong> ici se d\u00e9couvre par paliers.<\/p>\n\n<p class=\"wp-block-paragraph\">Pour pr\u00e9parer d\u2019autres id\u00e9es d\u2019itin\u00e9raires, un d\u00e9tour par les dossiers \u201croad trip\u201d aide \u00e0 relier Veules-les-Roses \u00e0 \u00c9tretat, Dieppe ou F\u00e9camp. Sur Modulobois, un maillage utile peut pointer vers <a href=\"\/cote-albatre-roadtrip\">le guide pour visiter la C\u00f4te d&rsquo;Alb\u00e2tre en 3-4 jours<\/a> et vers <a href=\"\/plus-beaux-villages-normandie\">la s\u00e9lection des plus beaux villages de Normandie<\/a>, afin de b\u00e2tir un parcours coh\u00e9rent plut\u00f4t qu\u2019un empilement d\u2019arr\u00eats.<\/p>\n\n<figure class=\"is-provider-youtube is-type-video wp-block-embed wp-block-embed-youtube wp-embed-aspect-16-9 wp-has-aspect-ratio\"><div class=\"wp-block-embed__wrapper\">\n<iframe loading=\"lazy\" title=\"Veules les Roses,  village de charme sur la C\u00f4te d&amp;apos;Alb\u00e2tre en Normandie  France\" width=\"500\" height=\"375\" src=\"https:\/\/www.youtube.com\/embed\/D-Fp0gqLP5o?feature=oembed\" frameborder=\"0\" allow=\"accelerometer; autoplay; clipboard-write; encrypted-media; gyroscope; picture-in-picture; web-share\" referrerpolicy=\"strict-origin-when-cross-origin\" allowfullscreen><\/iframe>\n<\/div><\/figure>\n\n<h2 class=\"wp-block-heading\"><span class=\"ez-toc-section\" id=\"Balades_nature_entre_Veules_et_falaises_sentiers_panoramas_et_bon_sens_face_au_vent\"><\/span>Balades nature entre Veules et falaises : sentiers, panoramas et bon sens face au vent<span class=\"ez-toc-section-end\"><\/span><\/h2>\n\n<p class=\"wp-block-paragraph\">La promenade la plus \u00e9vidente suit la <strong>Veules<\/strong>. Elle convient \u00e0 beaucoup de profils : couples venus respirer, familles avec enfants, marcheurs qui veulent un parcours sans difficult\u00e9. L\u2019int\u00e9r\u00eat, c\u2019est la vari\u00e9t\u00e9 sur une courte distance : eau, passerelles, jardins, puis l\u2019ouverture progressive vers l\u2019air marin.<\/p>\n\n<p class=\"wp-block-paragraph\">Ensuite vient le deuxi\u00e8me mouvement : rejoindre les <strong>falaises de craie<\/strong>. L\u00e0, la <strong>nature<\/strong> change de registre. Le sol peut devenir plus expos\u00e9, la v\u00e9g\u00e9tation se fait rase, et la m\u00e9t\u00e9o se rappelle au visiteur. Une r\u00e8gle simple \u00e9vite les mauvaises surprises : sur la C\u00f4te d&rsquo;Alb\u00e2tre, le vent \u201cn\u00e9gocie\u201d rarement. Mieux vaut avoir une couche coupe-vent m\u00eame quand le village semble abrit\u00e9.<\/p>\n\n<h3 class=\"wp-block-heading\">Un fil conducteur concret : la journ\u00e9e de rep\u00e9rage de \u201cL\u00e9a et Marc\u201d<\/h3>\n\n<p class=\"wp-block-paragraph\">Pour donner une id\u00e9e r\u00e9aliste, imaginons L\u00e9a et Marc, deux amis qui veulent une journ\u00e9e simple pendant un week-end de printemps. Le matin, ils se garent un peu en retrait et entrent \u00e0 pied dans le village. Leur premier r\u00e9flexe n\u2019est pas de chercher le meilleur spot : ils prennent le temps de suivre le cours d\u2019eau et de rep\u00e9rer deux ou trois moulins.<\/p>\n\n<p class=\"wp-block-paragraph\">\u00c0 midi, ils s\u2019offrent une pause pr\u00e8s du centre, puis repartent vers un sentier qui grimpe. Arriv\u00e9s en haut, ils ne restent pas plant\u00e9s au bord : ils marchent quelques minutes pour trouver un angle moins fr\u00e9quent\u00e9. Ce petit d\u00e9calage suffit souvent \u00e0 retrouver du silence, et \u00e0 sentir le lieu plut\u00f4t qu\u2019\u00e0 le consommer.<\/p>\n\n<h3 class=\"wp-block-heading\">Le bon r\u00e9flexe pro : marcher \u201cen boucle\u201d plut\u00f4t qu\u2019en aller-retour<\/h3>\n\n<p class=\"wp-block-paragraph\">Sur le terrain, une boucle \u00e9vite de refaire exactement le m\u00eame chemin et r\u00e9partit mieux les visiteurs. Le parcours devient plus int\u00e9ressant : une ruelle \u00e0 l\u2019aller, un chemin plus vert au retour. C\u2019est aussi plus doux pour le rythme, car la mont\u00e9e vers la falaise peut se faire progressivement plut\u00f4t que d\u2019un bloc.<\/p>\n\n<h3 class=\"wp-block-heading\">Mise en garde : s\u00e9curit\u00e9 en bord de falaise<\/h3>\n\n<p class=\"wp-block-paragraph\">Les bords de falaise ne sont pas des terrasses am\u00e9nag\u00e9es. Rester \u00e0 distance, surveiller les enfants, \u00e9viter de s\u2019approcher apr\u00e8s de fortes pluies : ces conseils paraissent basiques, mais ils \u00e9vitent des situations qui basculent vite. L\u2019id\u00e9e n\u2019est pas de dramatiser, juste d\u2019appliquer le bon sens du littoral.<\/p>\n\n<p class=\"wp-block-paragraph\">Apr\u00e8s l\u2019air du large, une autre dimension du <strong>tr\u00e9sor<\/strong> appara\u00eet : l\u2019histoire culturelle et ce qui a attir\u00e9 les \u00e9crivains, dont <strong>Victor Hugo<\/strong>.<\/p>\n\n<figure class=\"is-provider-youtube is-type-video wp-block-embed wp-block-embed-youtube wp-embed-aspect-16-9 wp-has-aspect-ratio\"><div class=\"wp-block-embed__wrapper\">\n<iframe loading=\"lazy\" title=\"Les \u00ab Plus Beaux Villages de France \u00bb du Jura\" width=\"500\" height=\"281\" src=\"https:\/\/www.youtube.com\/embed\/WtiWW_Ltk3s?feature=oembed\" frameborder=\"0\" allow=\"accelerometer; autoplay; clipboard-write; encrypted-media; gyroscope; picture-in-picture; web-share\" referrerpolicy=\"strict-origin-when-cross-origin\" allowfullscreen><\/iframe>\n<\/div><\/figure>\n\n<h2 class=\"wp-block-heading\"><span class=\"ez-toc-section\" id=\"Victor_Hugo_a_Veules-les-Roses_un_charme_decrivains_et_un_village_qui_raconte\"><\/span>Victor Hugo \u00e0 Veules-les-Roses : un charme d\u2019\u00e9crivains et un village qui raconte<span class=\"ez-toc-section-end\"><\/span><\/h2>\n\n<p class=\"wp-block-paragraph\">Certains lieux donnent envie d\u2019\u00e9crire parce qu\u2019ils offrent des transitions nettes : de l\u2019ombre \u00e0 la lumi\u00e8re, du serr\u00e9 \u00e0 l\u2019ouvert, du calme \u00e0 l\u2019horizon. Veules-les-Roses a exactement cette m\u00e9canique. Il n\u2019est donc pas \u00e9tonnant que des artistes y aient trouv\u00e9 mati\u00e8re, et que <strong>Victor Hugo<\/strong> y ait s\u00e9journ\u00e9 avec son ami <strong>Paul Meurice<\/strong>.<\/p>\n\n<p class=\"wp-block-paragraph\">Le village conserve une <strong>st\u00e8le<\/strong> qui rappelle ce passage. Ce n\u2019est pas un monument imposant, plut\u00f4t un rep\u00e8re discret. Et c\u2019est tr\u00e8s bien ainsi : l\u2019hommage ne vole pas la vedette au lieu, il invite simplement \u00e0 regarder autrement, comme si une phrase c\u00e9l\u00e8bre venait se glisser derri\u00e8re le paysage.<\/p>\n\n<h3 class=\"wp-block-heading\">Pourquoi ce coin de C\u00f4te d&rsquo;Alb\u00e2tre inspire : composition, lumi\u00e8re, contraste<\/h3>\n\n<p class=\"wp-block-paragraph\">La craie blanche des falaises joue le r\u00f4le d\u2019un fond clair. Les toitures, les colombages, les pierres plus sombres dessinent des lignes. La v\u00e9g\u00e9tation adoucit. La mer, elle, ouvre. Cet empilement de plans est un cadeau pour un regard d\u2019\u00e9crivain ou de peintre, parce qu\u2019il propose une sc\u00e8ne compl\u00e8te : premier plan vivant, arri\u00e8re-plan monumental.<\/p>\n\n<p class=\"wp-block-paragraph\">Le <strong>charme<\/strong> vient aussi de la circulation de l\u2019eau dans le village. Une rivi\u00e8re, m\u00eame minuscule, impose une orientation. Elle guide les pas, offre des reflets, et rappelle que l\u2019endroit n\u2019est pas seulement \u201cpos\u00e9\u201d au bord de la mer : il est travers\u00e9.<\/p>\n\n<h3 class=\"wp-block-heading\">Patrimoine et usage : quand le d\u00e9cor a servi \u00e0 vivre<\/h3>\n\n<p class=\"wp-block-paragraph\">Le <strong>patrimoine<\/strong> n\u2019est pas qu\u2019esth\u00e9tique. Les moulins, les maisons anciennes, les cheminements serr\u00e9s racontent des besoins : se prot\u00e9ger du vent, tirer parti de l\u2019eau, se regrouper. En observant ces choix, la visite devient plus dense. Une ruelle n\u2019est plus \u201cmignonne\u201d, elle devient une r\u00e9ponse au climat, \u00e0 l\u2019\u00e9conomie locale, \u00e0 l\u2019histoire.<\/p>\n\n<h3 class=\"wp-block-heading\">Encadr\u00e9 terrain : quoi regarder pour ressentir le village plut\u00f4t que le survoler<\/h3>\n\n<ul class=\"wp-block-list\"><li><strong>Les passerelles<\/strong> sur la Veules : elles r\u00e9v\u00e8lent les axes de d\u00e9placement anciens et les acc\u00e8s aux jardins.<\/li><li><strong>Les fa\u00e7ades<\/strong> : colombages, enduits, d\u00e9bords de toit, autant d\u2019indices sur l\u2019humidit\u00e9 et le vent.<\/li><li><strong>Les seuils<\/strong> (portes, murets, marches) : souvent faits pour durer et r\u00e9sister aux ruissellements.<\/li><li><strong>Les vues cadr\u00e9es<\/strong> : une ouverture au bout d\u2019une ruelle peut valoir un belv\u00e9d\u00e8re bond\u00e9.<\/li><\/ul>\n\n<p class=\"wp-block-paragraph\">Reste une derni\u00e8re pi\u00e8ce au puzzle : ce que le visiteur emporte vraiment, au-del\u00e0 des images \u2014 les saveurs et le rythme local.<\/p>\n\n<h2 class=\"wp-block-heading\"><span class=\"ez-toc-section\" id=\"Saveurs_locales_%E2%80%9CVeulaise%E2%80%9D_et_tourisme_raisonne_profiter_sans_abimer_le_joyau\"><\/span>Saveurs locales, \u201cVeulaise\u201d et tourisme raisonn\u00e9 : profiter sans ab\u00eemer le joyau<span class=\"ez-toc-section-end\"><\/span><\/h2>\n\n<p class=\"wp-block-paragraph\">Un <strong>village<\/strong> ne se comprend jamais totalement sans passer par la table. \u00c0 Veules-les-Roses, la sp\u00e9cialit\u00e9 mise en avant est l\u2019hu\u00eetre <strong>\u201cVeulaise\u201d<\/strong>. L\u2019int\u00e9r\u00eat n\u2019est pas seulement gustatif : c\u2019est un lien direct avec la Manche, avec les pratiques locales, et avec une \u00e9conomie vivante qui ne se limite pas aux souvenirs.<\/p>\n\n<p class=\"wp-block-paragraph\">Pour ceux qui arrivent sur un week-end charg\u00e9, l\u2019astuce est simple : d\u00e9caler la d\u00e9gustation. Plut\u00f4t que de viser l\u2019heure de pointe, une pause plus t\u00f4t ou plus tard rend l\u2019exp\u00e9rience plus agr\u00e9able et limite la sensation de \u201cfile d\u2019attente permanente\u201d. Le <strong>tourisme<\/strong> devient alors une visite, pas une \u00e9preuve.<\/p>\n\n<h3 class=\"wp-block-heading\">C\u00f4t\u00e9 budget (indicatif 2026) : pr\u00e9voir sans se faire surprendre<\/h3>\n\n<p class=\"wp-block-paragraph\">Les prix varient selon la saison et le type d\u2019adresse, mais des rep\u00e8res aident \u00e0 organiser une sortie. En 2026, pour une escapade sur la C\u00f4te d&rsquo;Alb\u00e2tre, un couple peut tabler (\u00e0 titre indicatif) sur une fourchette de <strong>15 \u00e0 30 \u20ac par personne<\/strong> pour un d\u00e9jeuner simple, et davantage si la carte est orient\u00e9e produits de la mer. Une d\u00e9gustation d\u2019hu\u00eetres d\u00e9pend \u00e9videmment du nombre de pi\u00e8ces et du lieu, mais l\u2019id\u00e9e est de r\u00e9server une petite enveloppe \u201cplaisir\u201d plut\u00f4t que de la d\u00e9cider au dernier moment.<\/p>\n\n<h3 class=\"wp-block-heading\">Tourisme raisonn\u00e9 : les gestes qui comptent dans un village de 500 habitants<\/h3>\n\n<p class=\"wp-block-paragraph\">Avec environ <strong>500 habitants<\/strong>, l\u2019\u00e9quilibre est fragile. Une visite r\u00e9ussie, c\u2019est aussi une visite qui laisse le lieu respirer. Se garer l\u00e0 o\u00f9 c\u2019est autoris\u00e9, garder les chemins, limiter le bruit dans les ruelles, rapporter ses d\u00e9chets : ces gestes sont basiques, mais ils prot\u00e8gent ce qui fait le <strong>tr\u00e9sor<\/strong> du site.<\/p>\n\n<p class=\"wp-block-paragraph\">Un bon indicateur : si le village semble \u00eatre un d\u00e9cor, c\u2019est qu\u2019il est d\u00e9j\u00e0 trop regard\u00e9 et pas assez respect\u00e9. \u00c0 l\u2019inverse, d\u00e8s que la visite s\u2019accorde au rythme local, le <strong>joyau<\/strong> devient vraiment accessible.<\/p>\n\n<h3 class=\"wp-block-heading\">Pour aller plus loin : construire un itin\u00e9raire coh\u00e9rent sur la C\u00f4te d&rsquo;Alb\u00e2tre<\/h3>\n\n<p class=\"wp-block-paragraph\">Veules-les-Roses peut \u00eatre une \u00e9tape centrale d\u2019un mini-parcours. Relier ce point \u00e0 Dieppe, F\u00e9camp ou \u00c9tretat fonctionne bien, \u00e0 condition de r\u00e9duire le nombre d\u2019arr\u00eats et d\u2019augmenter le temps pass\u00e9 \u00e0 pied. Un itin\u00e9raire court mais bien v\u00e9cu vaut mieux qu\u2019une collection de parkings.<\/p>\n\n<p class=\"wp-block-paragraph\"><strong>Avant d\u2019acheter quoi que ce soit en boutique souvenir, la meilleure action simple reste de marcher dix minutes de plus<\/strong> : c\u2019est souvent l\u00e0, au d\u00e9tour d\u2019un chemin, que le village montre son vrai visage.<\/p>\n\n\n<h3>Quelle est la meilleure p\u00e9riode pour visiter Veules-les-Roses sans trop de monde ?<\/h3>\n<p>Les matin\u00e9es et les jours de semaine hors vacances restent les plus confortables. Lors des longs week-ends (comme P\u00e2ques), arriver t\u00f4t permet de profiter des ruelles et de la promenade le long de la Veules avec davantage de calme, puis de garder les points de vue sur les falaises pour plus tard dans la journ\u00e9e.<\/p>\n<h3>Que voir absolument dans ce village class\u00e9 parmi les plus beaux villages de France ?<\/h3>\n<p>L\u2019\u00e9glise Saint-Martin et son clocher m\u00e9di\u00e9val, la balade le long de la Veules (avec les moulins \u00e0 eau et les passerelles), les ruelles fleuries au printemps, puis un sentier vers les falaises pour les panoramas sur la Manche. L\u2019ensemble forme une visite compl\u00e8te entre patrimoine et nature.<\/p>\n<h3>Pourquoi parle-t-on de la Veules comme du plus petit fleuve de France ?<\/h3>\n<p>La Veules est r\u00e9put\u00e9e pour sa tr\u00e8s courte longueur, ce qui lui vaut ce surnom. Sur place, l\u2019int\u00e9r\u00eat est surtout pratique : ce cours d\u2019eau traverse le village, longe des maisons, alimente l\u2019ambiance sonore et structure une promenade facile, ponctu\u00e9e d\u2019indices de l\u2019histoire locale comme les moulins.<\/p>\n<h3>Quel lien existe entre Victor Hugo et Veules-les-Roses ?<\/h3>\n<p>Victor Hugo a s\u00e9journ\u00e9 \u00e0 Veules-les-Roses avec son ami Paul Meurice. Une st\u00e8le dans le village rappelle ce passage et renforce l\u2019image d\u2019un lieu qui a inspir\u00e9 des artistes, attir\u00e9s par le contraste entre falaises de craie, mer et ruelles pleines de charme.<\/p>\n<h3>Quelle sp\u00e9cialit\u00e9 go\u00fbter sur place ?<\/h3>\n<p>L\u2019hu\u00eetre \u201cVeulaise\u201d est souvent cit\u00e9e comme sp\u00e9cialit\u00e9 locale. Pour en profiter pleinement, mieux vaut viser des horaires d\u00e9cal\u00e9s lors des p\u00e9riodes tr\u00e8s fr\u00e9quent\u00e9es, afin d\u2019\u00e9viter l\u2019attente et de garder une exp\u00e9rience plus d\u00e9tendue.<\/p>\n\n","protected":false},"excerpt":{"rendered":"<p>En bref Sur la C\u00f4te d&rsquo;Alb\u00e2tre, certains paysages font l\u2019effet d\u2019un coup de rabot net : une ligne claire, un contraste franc, et tout devient lisible. Veules-les-Roses, tr\u00e9sor discret nich\u00e9 au creux des falaises, fait partie de ces endroits qui s\u2019imposent sans forcer. Peu de temps ? Voil\u00e0 ce qu&rsquo;il faut retenir : \u00c0 viser [&hellip;]<\/p>\n","protected":false},"author":1,"featured_media":251,"comment_status":"open","ping_status":"closed","sticky":false,"template":"","format":"standard","meta":{"footnotes":""},"categories":[19],"tags":[],"class_list":["post-196","post","type-post","status-publish","format-standard","has-post-thumbnail","hentry","category-actualites"],"_links":{"self":[{"href":"https:\/\/modulobois.fr\/blog\/wp-json\/wp\/v2\/posts\/196","targetHints":{"allow":["GET"]}}],"collection":[{"href":"https:\/\/modulobois.fr\/blog\/wp-json\/wp\/v2\/posts"}],"about":[{"href":"https:\/\/modulobois.fr\/blog\/wp-json\/wp\/v2\/types\/post"}],"author":[{"embeddable":true,"href":"https:\/\/modulobois.fr\/blog\/wp-json\/wp\/v2\/users\/1"}],"replies":[{"embeddable":true,"href":"https:\/\/modulobois.fr\/blog\/wp-json\/wp\/v2\/comments?post=196"}],"version-history":[{"count":2,"href":"https:\/\/modulobois.fr\/blog\/wp-json\/wp\/v2\/posts\/196\/revisions"}],"predecessor-version":[{"id":254,"href":"https:\/\/modulobois.fr\/blog\/wp-json\/wp\/v2\/posts\/196\/revisions\/254"}],"wp:featuredmedia":[{"embeddable":true,"href":"https:\/\/modulobois.fr\/blog\/wp-json\/wp\/v2\/media\/251"}],"wp:attachment":[{"href":"https:\/\/modulobois.fr\/blog\/wp-json\/wp\/v2\/media?parent=196"}],"wp:term":[{"taxonomy":"category","embeddable":true,"href":"https:\/\/modulobois.fr\/blog\/wp-json\/wp\/v2\/categories?post=196"},{"taxonomy":"post_tag","embeddable":true,"href":"https:\/\/modulobois.fr\/blog\/wp-json\/wp\/v2\/tags?post=196"}],"curies":[{"name":"wp","href":"https:\/\/api.w.org\/{rel}","templated":true}]}}